{"id":76842,"date":"2025-10-25T11:39:12","date_gmt":"2025-10-25T14:39:12","guid":{"rendered":"https:\/\/sectorprensa.com.ar\/?p=76842"},"modified":"2025-10-25T11:39:13","modified_gmt":"2025-10-25T14:39:13","slug":"moron-declara-el-25-de-octubre-como-el-dia-del-musico-moronense-en-homenaje-a-milo-j","status":"publish","type":"post","link":"https:\/\/sectorprensa.com.ar\/?p=76842","title":{"rendered":"Mor\u00f3n declara el 25 de octubre como el D\u00eda del M\u00fasico Moronense en homenaje a Milo J"},"content":{"rendered":"\n<p><strong>El Municipio reconoci\u00f3 al destacado artista nacido en Mor\u00f3n que ha llevado la cultura local a escenarios nacionales e internacionales.<\/strong><\/p>\n\n\n\n<p>Mor\u00f3n instituy\u00f3 el 25 de octubre como el \u201cD\u00eda del M\u00fasico Moronense\u201d, en reconocimiento a Camilo Joaqu\u00edn Villarruel, conocido art\u00edsticamente como Milo J, destacado artista nacido en Mor\u00f3n.<\/p>\n\n\n\n<p>El reconocimiento fue establecido a trav\u00e9s de un decreto firmado por el intendente Lucas Ghi. \u201cEl talento de Milo J nos llena de orgullo. Es un ejemplo de c\u00f3mo la m\u00fasica puede nacer en los barrios de Mor\u00f3n y llegar a emocionar al mundo entero. Su obra refleja lo que somos: un pueblo con historia, con identidad y con sue\u00f1os\u201d, expres\u00f3 el jefe comunal.<\/p>\n\n\n\n<p>Milo J naci\u00f3 el 25 de octubre de 2006 en el partido de Mor\u00f3n y, con tan solo 15 a\u00f1os, debut\u00f3 con su sencillo \u201cTus vueltas\u201d. Desde entonces, se consolid\u00f3 como una de las voces m\u00e1s representativas del nuevo sonido argentino.<\/p>\n\n\n\n<p>En los \u00faltimos a\u00f1os lanz\u00f3 los discos 111 (2023), 166 (2024) y La vida era m\u00e1s corta (2025), este \u00faltimo con colaboraciones junto a figuras como Trueno, Soledad, Akriila, Paula Prieto, Radamel, Cuti y Roberto Carabajal, Silvio Rodr\u00edguez y Mercedes Sosa.<\/p>\n\n\n\n<p>A lo largo de su carrera, el joven m\u00fasico moronense se destac\u00f3 por su capacidad para fusionar el trap con el folclore argentino, reivindicando las ra\u00edces culturales del pa\u00eds y generando un puente generacional que acerca a los j\u00f3venes a la m\u00fasica popular y al patrimonio nacional.<\/p>\n\n\n\n<p>El reconocimiento tambi\u00e9n celebra el compromiso art\u00edstico y social de Milo J, quien ha sabido expresar en su obra una profunda conexi\u00f3n con su barrio, su historia y la identidad argentina, combinando sensibilidad est\u00e9tica y mirada territorial.<\/p>\n\n\n\n<p>\u201cDe esta manera, el Municipio de Mor\u00f3n rinde homenaje a uno de sus artistas m\u00e1s representativos y declara el 25 de octubre como una fecha para celebrar la m\u00fasica, la identidad y el talento moronense\u201d, remarcaron.<\/p>\n","protected":false},"excerpt":{"rendered":"<p>El Municipio reconoci\u00f3 al destacado artista nacido en Mor\u00f3n que ha llevado la cultura local a escenarios nacionales e internacionales.<\/p>\n","protected":false},"author":6,"featured_media":76843,"comment_status":"closed","ping_status":"closed","sticky":false,"template":"","format":"standard","meta":{"colormag_page_container_layout":"default_layout","colormag_page_sidebar_layout":"default_layout","footnotes":""},"categories":[9,17,5],"tags":[],"class_list":["post-76842","post","type-post","status-publish","format-standard","has-post-thumbnail","hentry","category-cultura","category-destacadas","category-moron"],"_links":{"self":[{"href":"https:\/\/sectorprensa.com.ar\/index.php?rest_route=\/wp\/v2\/posts\/76842","targetHints":{"allow":["GET"]}}],"collection":[{"href":"https:\/\/sectorprensa.com.ar\/index.php?rest_route=\/wp\/v2\/posts"}],"about":[{"href":"https:\/\/sectorprensa.com.ar\/index.php?rest_route=\/wp\/v2\/types\/post"}],"author":[{"embeddable":true,"href":"https:\/\/sectorprensa.com.ar\/index.php?rest_route=\/wp\/v2\/users\/6"}],"replies":[{"embeddable":true,"href":"https:\/\/sectorprensa.com.ar\/index.php?rest_route=%2Fwp%2Fv2%2Fcomments&post=76842"}],"version-history":[{"count":1,"href":"https:\/\/sectorprensa.com.ar\/index.php?rest_route=\/wp\/v2\/posts\/76842\/revisions"}],"predecessor-version":[{"id":76844,"href":"https:\/\/sectorprensa.com.ar\/index.php?rest_route=\/wp\/v2\/posts\/76842\/revisions\/76844"}],"wp:featuredmedia":[{"embeddable":true,"href":"https:\/\/sectorprensa.com.ar\/index.php?rest_route=\/wp\/v2\/media\/76843"}],"wp:attachment":[{"href":"https:\/\/sectorprensa.com.ar\/index.php?rest_route=%2Fwp%2Fv2%2Fmedia&parent=76842"}],"wp:term":[{"taxonomy":"category","embeddable":true,"href":"https:\/\/sectorprensa.com.ar\/index.php?rest_route=%2Fwp%2Fv2%2Fcategories&post=76842"},{"taxonomy":"post_tag","embeddable":true,"href":"https:\/\/sectorprensa.com.ar\/index.php?rest_route=%2Fwp%2Fv2%2Ftags&post=76842"}],"curies":[{"name":"wp","href":"https:\/\/api.w.org\/{rel}","templated":true}]}}