{"id":77049,"date":"2025-11-01T12:41:52","date_gmt":"2025-11-01T15:41:52","guid":{"rendered":"https:\/\/sectorprensa.com.ar\/?p=77049"},"modified":"2025-11-01T21:02:54","modified_gmt":"2025-11-02T00:02:54","slug":"sigue-la-renovacion-en-el-gobierno-francos-dejo-de-ser-el-jefe-de-gabinete","status":"publish","type":"post","link":"https:\/\/sectorprensa.com.ar\/?p=77049","title":{"rendered":"Sigue la renovaci\u00f3n en el gobierno: Francos dej\u00f3 de ser el Jefe de Gabinete"},"content":{"rendered":"\n<h6 class=\"wp-block-heading\"><strong>El ahora ex funcionario renunci\u00f3 a su cargo este viernes y su reemplazante ser\u00e1 Manuel Adorni, quien agradeci\u00f3 y remarc\u00f3 que el objetivo es \u00abprofundizar las reformas estructurales\u00bb.<\/strong><\/h6>\n\n\n\n<p>Contin\u00faan las modificaciones en el gobierno nacional tras el triunfo en las elecciones legislativas. Este viernes por la noche, por medio de una carta p\u00fablica Guillermo Francos inform\u00f3 que renunci\u00f3 a su cargo como Jefe de Gabinete. Horas despu\u00e9s, el Presidente Javier Milei design\u00f3 a su reemplazo.<\/p>\n\n\n\n<p>De acuerdo a lo dicho en el texto, Francos decidi\u00f3 dar un paso al costado por \u00ablos persistentes trascendidos sobre modificaciones en el gobierno nacional\u00bb.<\/p>\n\n\n\n<p>\u00abMi renuncia al cargo es para que el Presidente pueda afrontar sin condicionamientos la etapa de gobierno que se inicia\u00bb, explic\u00f3 Francos.<\/p>\n\n\n\n<p>El ahora ex funcionario le agradeci\u00f3 a Milei y destac\u00f3: \u00abMi primer acto como Ministro del Interior y mi \u00faltimo como Jefe de Gabinete fueron reunir a los Gobernadores de las Provincias con el Poder Ejecutivo Nacional con el objeto de encontrar mecanismos de di\u00e1logo y generaci\u00f3n de consensos\u00bb.<\/p>\n\n\n\n<p>Para cerrar, expres\u00f3 que \u00abha sido para mi un honor ser parte de un proyecto transformador que tiene por objeto encaminar a nuestro pa\u00eds en una senda de libertad y progreso. Sepa que, como hasta hoy, siempre podr\u00e1 contar conmigo\u00bb.<\/p>\n\n\n\n<p>Su reemplazante ser\u00e1 Manuel Adorni, quien actualmente se desempe\u00f1aba como vocero presidencial. \u00abQuiero agradecer profundamente al presidente de la Naci\u00f3n, Javier Milei, por haberme elegido como su jefe de Gabinete de Ministros para esta nueva etapa, donde profundizar las reformas estructurales ser\u00e1 prioridad. Es un honor y una verdadera responsabilidad continuar con el enorme trabajo que llevaba adelante Guillermo Francos\u00bb, public\u00f3 en su cuenta de X.<\/p>\n\n\n\n<p>\u00abQue Dios bendiga a la Rep\u00fablica Argentina y que las fuerzas del cielo nos acompa\u00f1en\u00bb, concluy\u00f3.<\/p>\n\n\n\n<figure class=\"wp-block-embed is-type-wp-embed is-provider-sector-prensa wp-block-embed-sector-prensa\"><div class=\"wp-block-embed__wrapper\">\n<blockquote class=\"wp-embedded-content\" data-secret=\"9OrfFTwYFM\"><a href=\"https:\/\/sectorprensa.com.ar\/?p=77010\">Kicillof y la interna del PJ: \u201cTenemos que dejar de hablarnos a nosotros mismos\u201d<\/a><\/blockquote><iframe loading=\"lazy\" class=\"wp-embedded-content\" sandbox=\"allow-scripts\" security=\"restricted\" style=\"position: absolute; clip: rect(1px, 1px, 1px, 1px);\" title=\"\u00abKicillof y la interna del PJ: \u201cTenemos que dejar de hablarnos a nosotros mismos\u201d\u00bb \u2014 Sector Prensa\" src=\"https:\/\/sectorprensa.com.ar\/?p=77010&#038;embed=true#?secret=e7AuHIAZPm#?secret=9OrfFTwYFM\" data-secret=\"9OrfFTwYFM\" width=\"600\" height=\"338\" frameborder=\"0\" marginwidth=\"0\" marginheight=\"0\" scrolling=\"no\"><\/iframe>\n<\/div><\/figure>\n","protected":false},"excerpt":{"rendered":"<p>El ahora ex funcionario renunci\u00f3 a su cargo este viernes y su reemplazante ser\u00e1 Manuel Adorni, quien agradeci\u00f3 y remarc\u00f3<\/p>\n","protected":false},"author":5,"featured_media":77050,"comment_status":"closed","ping_status":"closed","sticky":false,"template":"","format":"standard","meta":{"colormag_page_container_layout":"default_layout","colormag_page_sidebar_layout":"default_layout","footnotes":""},"categories":[17,8],"tags":[8020,8388],"class_list":["post-77049","post","type-post","status-publish","format-standard","has-post-thumbnail","hentry","category-destacadas","category-politica","tag-guillermo-francos","tag-manuel-adorni"],"_links":{"self":[{"href":"https:\/\/sectorprensa.com.ar\/index.php?rest_route=\/wp\/v2\/posts\/77049","targetHints":{"allow":["GET"]}}],"collection":[{"href":"https:\/\/sectorprensa.com.ar\/index.php?rest_route=\/wp\/v2\/posts"}],"about":[{"href":"https:\/\/sectorprensa.com.ar\/index.php?rest_route=\/wp\/v2\/types\/post"}],"author":[{"embeddable":true,"href":"https:\/\/sectorprensa.com.ar\/index.php?rest_route=\/wp\/v2\/users\/5"}],"replies":[{"embeddable":true,"href":"https:\/\/sectorprensa.com.ar\/index.php?rest_route=%2Fwp%2Fv2%2Fcomments&post=77049"}],"version-history":[{"count":1,"href":"https:\/\/sectorprensa.com.ar\/index.php?rest_route=\/wp\/v2\/posts\/77049\/revisions"}],"predecessor-version":[{"id":77054,"href":"https:\/\/sectorprensa.com.ar\/index.php?rest_route=\/wp\/v2\/posts\/77049\/revisions\/77054"}],"wp:featuredmedia":[{"embeddable":true,"href":"https:\/\/sectorprensa.com.ar\/index.php?rest_route=\/wp\/v2\/media\/77050"}],"wp:attachment":[{"href":"https:\/\/sectorprensa.com.ar\/index.php?rest_route=%2Fwp%2Fv2%2Fmedia&parent=77049"}],"wp:term":[{"taxonomy":"category","embeddable":true,"href":"https:\/\/sectorprensa.com.ar\/index.php?rest_route=%2Fwp%2Fv2%2Fcategories&post=77049"},{"taxonomy":"post_tag","embeddable":true,"href":"https:\/\/sectorprensa.com.ar\/index.php?rest_route=%2Fwp%2Fv2%2Ftags&post=77049"}],"curies":[{"name":"wp","href":"https:\/\/api.w.org\/{rel}","templated":true}]}}