{"id":78003,"date":"2026-01-13T00:02:58","date_gmt":"2026-01-13T03:02:58","guid":{"rendered":"https:\/\/sectorprensa.com.ar\/?p=78003"},"modified":"2026-01-13T00:02:58","modified_gmt":"2026-01-13T03:02:58","slug":"moron-la-casa-museo-maria-elena-walsh-lanzo-su-1o-concurso-literario","status":"publish","type":"post","link":"https:\/\/sectorprensa.com.ar\/?p=78003","title":{"rendered":"Mor\u00f3n: la Casa Museo Mar\u00eda Elena Walsh lanz\u00f3 su 1\u00ba Concurso Literario"},"content":{"rendered":"\n<p><strong>La iniciativa busca fomentar la lectura y la escritura en j\u00f3venes y personas adultas, inspirada en el legado de la escritora popular. La convocatoria estar\u00e1 abierta hasta el 1\u00ba de abril de 2026.<\/strong><\/p>\n\n\n\n<p>El Municipio de Mor\u00f3n invita a la comunidad a participar del 1\u00ba Concurso Literario Casa Museo MEW \u2013 Edici\u00f3n 2026, una propuesta que tiene como objetivo fortalecer el v\u00ednculo entre la lectura y la escritura, inspirada en la obra y el legado de una de las figuras m\u00e1s relevantes de la cultura popular argentina.<\/p>\n\n\n\n<p>El certamen est\u00e1 dirigido a j\u00f3venes de 14 a 18 a\u00f1os y a personas adultas mayores de 18 a\u00f1os, quienes podr\u00e1n participar en las categor\u00edas de cuento y poes\u00eda, con requisitos diferenciados seg\u00fan la franja etaria.<\/p>\n\n\n\n<p>En el caso de la categor\u00eda juvenil, los cuentos deber\u00e1n tener una extensi\u00f3n m\u00e1xima de 5.000 caracteres. Para personas adultas, el l\u00edmite ser\u00e1 de 10.000 caracteres, y las obras podr\u00e1n ser de tem\u00e1tica libre o estar vinculadas a la obra de Mar\u00eda Elena Walsh.<\/p>\n\n\n\n<figure class=\"wp-block-image size-full\"><img loading=\"lazy\" decoding=\"async\" width=\"416\" height=\"521\" src=\"https:\/\/sectorprensa.com.ar\/wp-content\/uploads\/2026\/01\/Captura-de-pantalla-2026-01-12-232754.png\" alt=\"\" class=\"wp-image-78004\" srcset=\"https:\/\/sectorprensa.com.ar\/wp-content\/uploads\/2026\/01\/Captura-de-pantalla-2026-01-12-232754.png 416w, https:\/\/sectorprensa.com.ar\/wp-content\/uploads\/2026\/01\/Captura-de-pantalla-2026-01-12-232754-240x300.png 240w\" sizes=\"auto, (max-width: 416px) 100vw, 416px\" \/><\/figure>\n\n\n\n<p>La convocatoria permanecer\u00e1 abierta hasta el 1\u00ba de abril de 2026. El proceso de selecci\u00f3n se desarrollar\u00e1 entre junio y agosto, mientras que la entrega de premios est\u00e1 prevista para agosto o septiembre del mismo a\u00f1o.<\/p>\n\n\n\n<p>Las bases y condiciones, junto con los detalles sobre la modalidad de env\u00edo de los trabajos, ser\u00e1n difundidas pr\u00f3ximamente a trav\u00e9s de la cuenta de Instagram @casa.mew.<\/p>\n\n\n\n<p>La Casa Museo Mar\u00eda Elena Walsh es un espacio cultural con entrada libre y gratuita, dedicado a la vida y obra de la artista, ubicado en 3 de Febrero 547, en el partido de Mor\u00f3n.<br><\/p>\n","protected":false},"excerpt":{"rendered":"<p>La iniciativa busca fomentar la lectura y la escritura en j\u00f3venes y personas adultas, inspirada en el legado de la<\/p>\n","protected":false},"author":14,"featured_media":78005,"comment_status":"closed","ping_status":"","sticky":false,"template":"","format":"standard","meta":{"colormag_page_container_layout":"default_layout","colormag_page_sidebar_layout":"default_layout","footnotes":""},"categories":[9,17,5],"tags":[],"class_list":["post-78003","post","type-post","status-publish","format-standard","has-post-thumbnail","hentry","category-cultura","category-destacadas","category-moron"],"_links":{"self":[{"href":"https:\/\/sectorprensa.com.ar\/index.php?rest_route=\/wp\/v2\/posts\/78003","targetHints":{"allow":["GET"]}}],"collection":[{"href":"https:\/\/sectorprensa.com.ar\/index.php?rest_route=\/wp\/v2\/posts"}],"about":[{"href":"https:\/\/sectorprensa.com.ar\/index.php?rest_route=\/wp\/v2\/types\/post"}],"author":[{"embeddable":true,"href":"https:\/\/sectorprensa.com.ar\/index.php?rest_route=\/wp\/v2\/users\/14"}],"replies":[{"embeddable":true,"href":"https:\/\/sectorprensa.com.ar\/index.php?rest_route=%2Fwp%2Fv2%2Fcomments&post=78003"}],"version-history":[{"count":1,"href":"https:\/\/sectorprensa.com.ar\/index.php?rest_route=\/wp\/v2\/posts\/78003\/revisions"}],"predecessor-version":[{"id":78006,"href":"https:\/\/sectorprensa.com.ar\/index.php?rest_route=\/wp\/v2\/posts\/78003\/revisions\/78006"}],"wp:featuredmedia":[{"embeddable":true,"href":"https:\/\/sectorprensa.com.ar\/index.php?rest_route=\/wp\/v2\/media\/78005"}],"wp:attachment":[{"href":"https:\/\/sectorprensa.com.ar\/index.php?rest_route=%2Fwp%2Fv2%2Fmedia&parent=78003"}],"wp:term":[{"taxonomy":"category","embeddable":true,"href":"https:\/\/sectorprensa.com.ar\/index.php?rest_route=%2Fwp%2Fv2%2Fcategories&post=78003"},{"taxonomy":"post_tag","embeddable":true,"href":"https:\/\/sectorprensa.com.ar\/index.php?rest_route=%2Fwp%2Fv2%2Ftags&post=78003"}],"curies":[{"name":"wp","href":"https:\/\/api.w.org\/{rel}","templated":true}]}}