{"id":78008,"date":"2026-01-13T00:02:51","date_gmt":"2026-01-13T03:02:51","guid":{"rendered":"https:\/\/sectorprensa.com.ar\/?p=78008"},"modified":"2026-01-13T00:02:51","modified_gmt":"2026-01-13T03:02:51","slug":"moreno-arranco-la-temporada-alta-en-el-polideportivo-diego-armando-maradona","status":"publish","type":"post","link":"https:\/\/sectorprensa.com.ar\/?p=78008","title":{"rendered":"Moreno: arranc\u00f3 la temporada alta en el Polideportivo Diego Armando Maradona"},"content":{"rendered":"\n<p><strong>Se podr\u00e1 disfrutar de las actividades en la pileta y la pileta con olas, juegos infantiles, amplios espacios verdes, parrillas y estacionamiento. El ingreso es libre y gratuito para vecinas y vecinos del distrito.<\/strong><\/p>\n\n\n\n<p>El Municipio de Moreno dio inicio a la temporada alta de verano en el Polideportivo Diego Armando Maradona (DAM), ubicado sobre la Ruta Provincial N\u00b024, kil\u00f3metro 56,5, en la localidad de Cuartel V. El espacio abre sus puertas los s\u00e1bados y domingos, de 9 a 19 horas, con una amplia propuesta recreativa y deportiva para toda la comunidad.<\/p>\n\n\n\n<p>La inscripci\u00f3n se realiza de manera presencial en el polideportivo, de lunes a viernes de 9 a 18 horas, presentando fotocopia del DNI. El ingreso es libre y gratuito para las vecinas y vecinos de Moreno, quienes deber\u00e1n presentar DNI al momento de acceder. Para personas que no residan en el distrito, se aplica una tarifa diferenciada.<\/p>\n\n\n\n<p>Durante la temporada, las y los visitantes pueden disfrutar de la pileta con olas y la pileta de nataci\u00f3n \u2014ambas con cupos limitados\u2014adem\u00e1s de juegos infantiles, amplias \u00e1reas verdes, uso de parrillas y estacionamiento. Tambi\u00e9n se desarrollan actividades acu\u00e1ticas como Aquagym para mayores de 14 a\u00f1os, los mi\u00e9rcoles y viernes de 9 a 10 y de 10 a 11 horas, y Pr\u00e1cticas Acu\u00e1ticas para ni\u00f1as y ni\u00f1os de 6 a 13 a\u00f1os, los martes y jueves, en nivel inicial de 10 a 11 horas e intermedio de 11 a 12 horas.<\/p>\n\n\n\n<p>Para personas no residentes, la tarifa diaria es de $4.800 para mayores de 13 a\u00f1os y de $2.400 para menores de 13 a\u00f1os y jubiladas, jubilados, pensionadas y pensionados. Las personas con discapacidad ingresan sin costo. El acceso diario a la pileta con olas o a la pileta de nataci\u00f3n tiene un valor de $4.800, al igual que el uso de parrillas y el estacionamiento para autos y camionetas.<\/p>\n","protected":false},"excerpt":{"rendered":"<p>Se podr\u00e1 disfrutar de las actividades en la pileta y la pileta con olas, juegos infantiles, amplios espacios verdes, parrillas<\/p>\n","protected":false},"author":14,"featured_media":78009,"comment_status":"closed","ping_status":"","sticky":false,"template":"","format":"standard","meta":{"colormag_page_container_layout":"default_layout","colormag_page_sidebar_layout":"default_layout","footnotes":""},"categories":[17,2154,1173,10],"tags":[],"class_list":["post-78008","post","type-post","status-publish","format-standard","has-post-thumbnail","hentry","category-destacadas","category-moreno","category-municipales","category-sociedad"],"_links":{"self":[{"href":"https:\/\/sectorprensa.com.ar\/index.php?rest_route=\/wp\/v2\/posts\/78008","targetHints":{"allow":["GET"]}}],"collection":[{"href":"https:\/\/sectorprensa.com.ar\/index.php?rest_route=\/wp\/v2\/posts"}],"about":[{"href":"https:\/\/sectorprensa.com.ar\/index.php?rest_route=\/wp\/v2\/types\/post"}],"author":[{"embeddable":true,"href":"https:\/\/sectorprensa.com.ar\/index.php?rest_route=\/wp\/v2\/users\/14"}],"replies":[{"embeddable":true,"href":"https:\/\/sectorprensa.com.ar\/index.php?rest_route=%2Fwp%2Fv2%2Fcomments&post=78008"}],"version-history":[{"count":2,"href":"https:\/\/sectorprensa.com.ar\/index.php?rest_route=\/wp\/v2\/posts\/78008\/revisions"}],"predecessor-version":[{"id":78011,"href":"https:\/\/sectorprensa.com.ar\/index.php?rest_route=\/wp\/v2\/posts\/78008\/revisions\/78011"}],"wp:featuredmedia":[{"embeddable":true,"href":"https:\/\/sectorprensa.com.ar\/index.php?rest_route=\/wp\/v2\/media\/78009"}],"wp:attachment":[{"href":"https:\/\/sectorprensa.com.ar\/index.php?rest_route=%2Fwp%2Fv2%2Fmedia&parent=78008"}],"wp:term":[{"taxonomy":"category","embeddable":true,"href":"https:\/\/sectorprensa.com.ar\/index.php?rest_route=%2Fwp%2Fv2%2Fcategories&post=78008"},{"taxonomy":"post_tag","embeddable":true,"href":"https:\/\/sectorprensa.com.ar\/index.php?rest_route=%2Fwp%2Fv2%2Ftags&post=78008"}],"curies":[{"name":"wp","href":"https:\/\/api.w.org\/{rel}","templated":true}]}}