{"id":78046,"date":"2026-01-14T09:55:56","date_gmt":"2026-01-14T12:55:56","guid":{"rendered":"https:\/\/sectorprensa.com.ar\/?p=78046"},"modified":"2026-01-14T09:55:56","modified_gmt":"2026-01-14T12:55:56","slug":"moreno-comienza-una-nueva-edicion-de-los-talleres-culturales-de-verano","status":"publish","type":"post","link":"https:\/\/sectorprensa.com.ar\/?p=78046","title":{"rendered":"Moreno: comienza una nueva edici\u00f3n de los talleres culturales de Verano"},"content":{"rendered":"\n<p><strong>Se desarrollar\u00e1n del 19 de enero al 20 de febrero en espacios culturales de todo el distrito, con m\u00e1s de 15 disciplinas libres y gratuitas para todas las edades.<\/strong><\/p>\n\n\n\n<p>El Municipio de Moreno pone en marcha una nueva edici\u00f3n de Semilleros Culturales Verano 2026, una propuesta de talleres culturales libres y gratuitos que se desarrollar\u00e1 del 19 de enero al 20 de febrero en distintos espacios del distrito. La iniciativa est\u00e1 destinada a vecinas y vecinos de todas las edades y tiene como objetivo promover el acceso a la cultura, la expresi\u00f3n art\u00edstica y la participaci\u00f3n comunitaria.<\/p>\n\n\n\n<p>La inscripci\u00f3n, con cupos limitados, estar\u00e1 abierta hasta el s\u00e1bado 17 de enero y se realizar\u00e1 a trav\u00e9s de WhatsApp al 1135773929. Las personas interesadas podr\u00e1n anotarse para participar en talleres de enero, febrero o ambos meses, seg\u00fan la propuesta elegida.<\/p>\n\n\n\n<p>El programa suma m\u00e1s de 15 disciplinas, entre las que se destacan m\u00fasica, danza, artes visuales, literatura, cer\u00e1mica, percusi\u00f3n, yoga y otras expresiones art\u00edsticas, con una propuesta territorial, inclusiva y diversa que alcanza distintos barrios del distrito.<\/p>\n\n\n\n<p>Adem\u00e1s, se suma el Taller Literario \u201cSonajero de Semillas\u201d, que se dictar\u00e1 los mi\u00e9rcoles de 18 a 20 horas en la Casa de las Culturas \u2013Casona Las Catonas (Chuquisaca 381), con inicio el 14 de enero e inscripci\u00f3n presencial de lunes a viernes de 10 a 15 horas.<\/p>\n\n\n\n<p>Asimismo, se podr\u00e1 participar de la propuesta Tardecitas de Pe\u00f1as Norte\u00f1as, todos los jueves de enero y febrero desde las 18 horas en la Casa delas Culturas, ubicada en Dr. Vera 247, Moreno Centro; con bailes tradicionales, actividades culturales y espacios de encuentro para la comunidad.<\/p>\n\n\n\n<figure class=\"wp-block-image size-full\"><img loading=\"lazy\" decoding=\"async\" width=\"744\" height=\"444\" src=\"https:\/\/sectorprensa.com.ar\/wp-content\/uploads\/2026\/01\/Captura-de-pantalla-2026-01-13-195738.png\" alt=\"\" class=\"wp-image-78048\" srcset=\"https:\/\/sectorprensa.com.ar\/wp-content\/uploads\/2026\/01\/Captura-de-pantalla-2026-01-13-195738.png 744w, https:\/\/sectorprensa.com.ar\/wp-content\/uploads\/2026\/01\/Captura-de-pantalla-2026-01-13-195738-300x179.png 300w\" sizes=\"auto, (max-width: 744px) 100vw, 744px\" \/><\/figure>\n\n\n\n<p><strong>A continuaci\u00f3n, se detallan las sedes, actividades y horarios de los talleres culturales:<br><br><\/strong><strong>&#8211; Propuestas de enero<br><br><\/strong><strong>Casa de las Culturas (Dr. Vera 247, Moreno Centro)<\/strong><br>*Bombo leg\u00fcero: martes, 18 horas<br><br><strong>Casona Trujui (Boulogne Sur Mer y Albatros)<\/strong><br>*Cer\u00e1mica: mi\u00e9rcoles, 8 a 10 horas<br>*Cer\u00e1mica: mi\u00e9rcoles, 10 a 12 horas<\/p>\n\n\n\n<p>*Cer\u00e1mica: viernes, 9 a 11 horas<br>*Macram\u00e9: mi\u00e9rcoles y viernes, 8 a 10 horas<br>*Mosaiquismo: viernes, 11 a 13 horas<br><br><strong>&#8211; Propuestas de febrero<br><br><\/strong><strong>Casade las Culturas (Dr. Vera 247)<br><\/strong>*Taller de la voz: lunes, 9 a 13 horas<br>*Yoga: viernes, 9 a 13 horas<br>*Dibujo y pintura (realismo): jueves, 18:30 horas<br>*Guitarra: martes, 18 horas<br>*Pintura decorativa: martes, 9 a 12 horas<br>*P\u00e1tinas: jueves, 9 a 12 horas<br>*Xilograf\u00eda y escultura: viernes, 18 horas<br>*Fileteado: mi\u00e9rcoles, 18 horas<br>*Folklore: mi\u00e9rcoles, 17 horas<br><br><strong>Casona Las Catonas (Chuquisaca 381)<br><\/strong>*Dibujo y pintura (realismo): viernes, 10:30 horas<br>*Tango: martes, 16 horas<br><br><strong>Casona Trujui (Boulogne Sur Mer y Albatros)<br><\/strong>*Guitarra: lunes, 10 horas<br>*Tango (Elizabeth Fagundez): martes, 18 horas<br><br><strong>Casona Villanueva (Pasaje Cristina y Jerusal\u00e9n)<br><\/strong>*Macram\u00e9: lunes, 9 a 11 horas<br><br><strong>Casa Evita (Tucum\u00e1n 357)<br><\/strong>*Folklore: jueves, 17 horas<br><br><strong>MTE \u2013 Cuartel V (Calixto Oyuela 3101)<br><\/strong>*Percusi\u00f3n: viernes, 9 a 10:30 horas<br><br><strong>CCM \u2013 Cuartel V (Disc\u00e9polo y El Teatro)<br><\/strong>*Percusi\u00f3n: viernes, 11 a 12:30 horas<br><br><strong>Haras Trujui (Moctezuma y Benjam\u00edn Matienzo)<br><\/strong>*Percusi\u00f3n: lunes, 18 horas<br><br><strong>UNA (Alcorta 2854, 1\u00b0 piso)<br><\/strong>*Poes\u00eda: lunes, 10:30 horas<\/p>\n","protected":false},"excerpt":{"rendered":"<p>Se desarrollar\u00e1n del 19 de enero al 20 de febrero en espacios culturales de todo el distrito, con m\u00e1s de<\/p>\n","protected":false},"author":14,"featured_media":78047,"comment_status":"closed","ping_status":"","sticky":false,"template":"","format":"standard","meta":{"colormag_page_container_layout":"default_layout","colormag_page_sidebar_layout":"default_layout","footnotes":""},"categories":[9,17,2154],"tags":[],"class_list":["post-78046","post","type-post","status-publish","format-standard","has-post-thumbnail","hentry","category-cultura","category-destacadas","category-moreno"],"_links":{"self":[{"href":"https:\/\/sectorprensa.com.ar\/index.php?rest_route=\/wp\/v2\/posts\/78046","targetHints":{"allow":["GET"]}}],"collection":[{"href":"https:\/\/sectorprensa.com.ar\/index.php?rest_route=\/wp\/v2\/posts"}],"about":[{"href":"https:\/\/sectorprensa.com.ar\/index.php?rest_route=\/wp\/v2\/types\/post"}],"author":[{"embeddable":true,"href":"https:\/\/sectorprensa.com.ar\/index.php?rest_route=\/wp\/v2\/users\/14"}],"replies":[{"embeddable":true,"href":"https:\/\/sectorprensa.com.ar\/index.php?rest_route=%2Fwp%2Fv2%2Fcomments&post=78046"}],"version-history":[{"count":1,"href":"https:\/\/sectorprensa.com.ar\/index.php?rest_route=\/wp\/v2\/posts\/78046\/revisions"}],"predecessor-version":[{"id":78049,"href":"https:\/\/sectorprensa.com.ar\/index.php?rest_route=\/wp\/v2\/posts\/78046\/revisions\/78049"}],"wp:featuredmedia":[{"embeddable":true,"href":"https:\/\/sectorprensa.com.ar\/index.php?rest_route=\/wp\/v2\/media\/78047"}],"wp:attachment":[{"href":"https:\/\/sectorprensa.com.ar\/index.php?rest_route=%2Fwp%2Fv2%2Fmedia&parent=78046"}],"wp:term":[{"taxonomy":"category","embeddable":true,"href":"https:\/\/sectorprensa.com.ar\/index.php?rest_route=%2Fwp%2Fv2%2Fcategories&post=78046"},{"taxonomy":"post_tag","embeddable":true,"href":"https:\/\/sectorprensa.com.ar\/index.php?rest_route=%2Fwp%2Fv2%2Ftags&post=78046"}],"curies":[{"name":"wp","href":"https:\/\/api.w.org\/{rel}","templated":true}]}}