{"id":78050,"date":"2026-01-14T09:56:04","date_gmt":"2026-01-14T12:56:04","guid":{"rendered":"https:\/\/sectorprensa.com.ar\/?p=78050"},"modified":"2026-01-14T09:56:04","modified_gmt":"2026-01-14T12:56:04","slug":"tras-el-28-de-inflacion-aguiar-senalo-que-la-destruccion-del-ingreso-es-una-politica-publica-para-milei","status":"publish","type":"post","link":"https:\/\/sectorprensa.com.ar\/?p=78050","title":{"rendered":"Tras el 2,8% de inflaci\u00f3n, Aguiar se\u00f1al\u00f3 que \u201cla destrucci\u00f3n del ingreso es una pol\u00edtica p\u00fablica para Milei\u201d"},"content":{"rendered":"\n<p><strong>\u201cEstamos frente a un estancamiento de la econom\u00eda. La econom\u00eda no crece, el proceso inflacionario contin\u00faa en ascenso y se reduce el poder de compra de la gente. Estamos atravesando un proceso que ser\u00e1 muy dif\u00edcil de revertir. El Gobierno es el art\u00edfice de una verdadera pesadilla econ\u00f3mica\u201d, se\u00f1al\u00f3 el Secretario General de ATE Nacional.<\/strong><\/p>\n\n\n\n<p>Luego de que el Indec publicara que la inflaci\u00f3n en diciembre fue de 2,8%, el Secretario General de ATE Nacional, Rodolfo Aguiar, asegur\u00f3 que \u201cel Gobierno es el art\u00edfice de una pesadilla econ\u00f3mica\u201d y agreg\u00f3: \u201cEstamos frente a un estancamiento de la econom\u00eda. La econom\u00eda no crece y se reduce el poder adquisitivo de la gente. Estamos atravesando un proceso que ser\u00e1 muy dif\u00edcil de revertir\u201d.<\/p>\n\n\n\n<p>Adem\u00e1s, el Instituto Nacional de Estad\u00edsticas y Censos inform\u00f3 que la Canasta B\u00e1sica Total que mide la l\u00ednea de pobreza lleg\u00f3 a $1.308.713. En este marco, Aguiar apunt\u00f3: \u201cEst\u00e1 claro que el dinero vale cada vez menos y alcanza para comprar menos cosas. Desde que asumi\u00f3 el presidente Milei los salarios han mostrado una ca\u00edda constante\u201d.<\/p>\n\n\n\n<p>\u201cA pesar de las promesas del Gobierno, la inflaci\u00f3n se mantiene en ascenso. A esta altura tenemos que aceptar que no hay luz al final del t\u00fanel como nos dijeron. Se pierden puestos de trabajo, disminuyen los ingresos y se deteriora la calidad de vida de toda la poblaci\u00f3n\u201d, indic\u00f3 el Secretario General de ATE Nacional.<\/p>\n\n\n\n<p>En referencia a la evoluci\u00f3n del salario en la administraci\u00f3n p\u00fablica que durante el 2025 fue de 17,1%, mientras que la inflaci\u00f3n en el mismo periodo fue de 31,5% (una diferencia de 14,4%), el dirigente de ATE indic\u00f3: \u201cLa destrucci\u00f3n de los salarios y las jubilaciones ha sido una pol\u00edtica p\u00fablica. El empobrecimiento es generalizado y hasta ahora bastante silencioso. Si no reaccionamos, va a ser peor\u201d.<\/p>\n\n\n\n<p>\u201cEn el sector p\u00fablico, hay que poner en debate la responsabilidad de la dirigencia sindical. No puede ser que durante el 2025 la paritaria estatal se haya ubicado 14,4 puntos por debajo de la inflaci\u00f3n y que ello haya sido aceptado por otro sindicato. Es evidente que existe una corresponsabilidad\u201d, detall\u00f3 Aguiar. Cabe recordar que durante la gesti\u00f3n de Javier Milei, ATE rechaz\u00f3 sistem\u00e1ticamente todos los ofrecimientos que se ubicaron por debajo de la evoluci\u00f3n de los precios, mientras que UPCN acept\u00f3.<\/p>\n\n\n\n<p>\u201cDeben convocarse de manera inmediata las paritarias de la administraci\u00f3n p\u00fablica central. No se soporta m\u00e1s ajuste. No podemos arrancar otro a\u00f1o perdiendo\u201d, concluy\u00f3 Rodolfo Aguiar.<\/p>\n\n\n\n<p>\u201cEs necesario destacar que seg\u00fan un estudio de la Universidad Nacional de Buenos Aires, el 72% de los trabajadores perciben menos de 1 mill\u00f3n de pesos. En el caso de los asalariados formales, el 58% recibe un ingreso menor a esa cifra y en los informales el porcentaje es el 89%. Es decir, en la Argentina la mayor\u00eda de los trabajadores son pobres\u201d, remarcaron desde ATE.<\/p>\n\n\n\n<p>\u201cEsto, sumado a los servicios que subieron por encima del nivel general de los precios (como los alquileres un 39% o el combustible 40%), da como resultado una ca\u00edda del consumo que en 2025 fue del 5,2% seg\u00fan la Confederaci\u00f3n Argentina de la Mediana Empresa (CAME)\u201d, agregaron.<\/p>\n\n\n\n<p><br><\/p>\n","protected":false},"excerpt":{"rendered":"<p>\u201cEstamos frente a un estancamiento de la econom\u00eda. La econom\u00eda no crece, el proceso inflacionario contin\u00faa en ascenso y se<\/p>\n","protected":false},"author":14,"featured_media":78051,"comment_status":"closed","ping_status":"","sticky":false,"template":"","format":"standard","meta":{"colormag_page_container_layout":"default_layout","colormag_page_sidebar_layout":"default_layout","footnotes":""},"categories":[6828,8],"tags":[],"class_list":["post-78050","post","type-post","status-publish","format-standard","has-post-thumbnail","hentry","category-mas-destacadas","category-politica"],"_links":{"self":[{"href":"https:\/\/sectorprensa.com.ar\/index.php?rest_route=\/wp\/v2\/posts\/78050","targetHints":{"allow":["GET"]}}],"collection":[{"href":"https:\/\/sectorprensa.com.ar\/index.php?rest_route=\/wp\/v2\/posts"}],"about":[{"href":"https:\/\/sectorprensa.com.ar\/index.php?rest_route=\/wp\/v2\/types\/post"}],"author":[{"embeddable":true,"href":"https:\/\/sectorprensa.com.ar\/index.php?rest_route=\/wp\/v2\/users\/14"}],"replies":[{"embeddable":true,"href":"https:\/\/sectorprensa.com.ar\/index.php?rest_route=%2Fwp%2Fv2%2Fcomments&post=78050"}],"version-history":[{"count":1,"href":"https:\/\/sectorprensa.com.ar\/index.php?rest_route=\/wp\/v2\/posts\/78050\/revisions"}],"predecessor-version":[{"id":78052,"href":"https:\/\/sectorprensa.com.ar\/index.php?rest_route=\/wp\/v2\/posts\/78050\/revisions\/78052"}],"wp:featuredmedia":[{"embeddable":true,"href":"https:\/\/sectorprensa.com.ar\/index.php?rest_route=\/wp\/v2\/media\/78051"}],"wp:attachment":[{"href":"https:\/\/sectorprensa.com.ar\/index.php?rest_route=%2Fwp%2Fv2%2Fmedia&parent=78050"}],"wp:term":[{"taxonomy":"category","embeddable":true,"href":"https:\/\/sectorprensa.com.ar\/index.php?rest_route=%2Fwp%2Fv2%2Fcategories&post=78050"},{"taxonomy":"post_tag","embeddable":true,"href":"https:\/\/sectorprensa.com.ar\/index.php?rest_route=%2Fwp%2Fv2%2Ftags&post=78050"}],"curies":[{"name":"wp","href":"https:\/\/api.w.org\/{rel}","templated":true}]}}