{"id":78107,"date":"2026-01-15T17:49:00","date_gmt":"2026-01-15T20:49:00","guid":{"rendered":"https:\/\/sectorprensa.com.ar\/?p=78107"},"modified":"2026-01-15T17:49:00","modified_gmt":"2026-01-15T20:49:00","slug":"arguello-a-los-gobernadores-la-reforma-laboral-no-va-a-dar-mas-trabajo","status":"publish","type":"post","link":"https:\/\/sectorprensa.com.ar\/?p=78107","title":{"rendered":"Arg\u00fcello a los gobernadores: \u00abLa reforma laboral no va a dar m\u00e1s trabajo\u00bb"},"content":{"rendered":"\n<h6 class=\"wp-block-heading\"><strong>El cosecretario de la CGT sostuvo que la reforma \u00abva en contra de los derechos y de la dignidad de los trabajadores\u00bb. Adem\u00e1s, se\u00f1al\u00f3 que se discutir\u00e1 la ley, siempre y cuando \u00abno sea volver a la esclavitud\u00bb.<\/strong><\/h6>\n\n\n\n<p>Ante el cronograma de visitas que tiene el gobierno nacional para dialogar con los gobernadores y conseguir votos para aprobar la reforma laboral, desde la CGT informaron que hacen lo propio con los mandatarios provinciales para que entienda que \u00abno va a dar m\u00e1s trabajo\u00bb. Octavio Arg\u00fcello, cosecretario de la central obrera, dijo que la ley le quita \u00abderechos\u00bb y \u00abdignidad\u00bb a los trabajadores.<\/p>\n\n\n\n<p>\u00abNosotros lo que venimos planteando hace tiempo es que no desconocemos que ha habido un cambio en el mundo laboral. Creemos que la reforma hay que tratarla siempre y cuando se logre que de m\u00e1s trabajo y trabajo digno\u00bb, sostuvo Arg\u00fcello.<\/p>\n\n\n\n<p>El por qu\u00e9 de su oposici\u00f3n al proyecto que impulsa el oficialismo: \u00abPor que es una ley que va en contra de los derechos y de la dignidad de los trabajadores\u00bb, resalt\u00f3.<\/p>\n\n\n\n<p>Luego dijo que, \u00abas\u00ed como est\u00e1 presentada\u00bb, la normativa \u00abno va a dar m\u00e1s trabajo\u00bb, sino que lo va a \u00abprecarizar a los trabajadores\u00bb.<\/p>\n\n\n\n<p>\u00abMientras no sea volver a la esclavitud estamos dispuestos a discutir la ley. Como est\u00e1 presentada la ley es totalmente judicializable\u00bb, cerr\u00f3.<\/p>\n\n\n\n<figure class=\"wp-block-embed is-type-wp-embed is-provider-sector-prensa wp-block-embed-sector-prensa\"><div class=\"wp-block-embed__wrapper\">\n<blockquote class=\"wp-embedded-content\" data-secret=\"G7qIi6PFsq\"><a href=\"https:\/\/sectorprensa.com.ar\/?p=78083\">El Ministerio de Capital Humano rechazo denuncias de UTEP y CELS<\/a><\/blockquote><iframe loading=\"lazy\" class=\"wp-embedded-content\" sandbox=\"allow-scripts\" security=\"restricted\" style=\"position: absolute; visibility: hidden;\" title=\"\u00abEl Ministerio de Capital Humano rechazo denuncias de UTEP y CELS\u00bb \u2014 Sector Prensa\" src=\"https:\/\/sectorprensa.com.ar\/?p=78083&#038;embed=true#?secret=fcUuzY7Oja#?secret=G7qIi6PFsq\" data-secret=\"G7qIi6PFsq\" width=\"600\" height=\"338\" frameborder=\"0\" marginwidth=\"0\" marginheight=\"0\" scrolling=\"no\"><\/iframe>\n<\/div><\/figure>\n","protected":false},"excerpt":{"rendered":"<p>El cosecretario de la CGT sostuvo que la reforma \u00abva en contra de los derechos y de la dignidad de<\/p>\n","protected":false},"author":13,"featured_media":78108,"comment_status":"closed","ping_status":"","sticky":false,"template":"","format":"standard","meta":{"colormag_page_container_layout":"default_layout","colormag_page_sidebar_layout":"default_layout","footnotes":""},"categories":[17,8],"tags":[110,9643,9612],"class_list":["post-78107","post","type-post","status-publish","format-standard","has-post-thumbnail","hentry","category-destacadas","category-politica","tag-cgt","tag-octavio-arguello","tag-reforma-laboral"],"_links":{"self":[{"href":"https:\/\/sectorprensa.com.ar\/index.php?rest_route=\/wp\/v2\/posts\/78107","targetHints":{"allow":["GET"]}}],"collection":[{"href":"https:\/\/sectorprensa.com.ar\/index.php?rest_route=\/wp\/v2\/posts"}],"about":[{"href":"https:\/\/sectorprensa.com.ar\/index.php?rest_route=\/wp\/v2\/types\/post"}],"author":[{"embeddable":true,"href":"https:\/\/sectorprensa.com.ar\/index.php?rest_route=\/wp\/v2\/users\/13"}],"replies":[{"embeddable":true,"href":"https:\/\/sectorprensa.com.ar\/index.php?rest_route=%2Fwp%2Fv2%2Fcomments&post=78107"}],"version-history":[{"count":1,"href":"https:\/\/sectorprensa.com.ar\/index.php?rest_route=\/wp\/v2\/posts\/78107\/revisions"}],"predecessor-version":[{"id":78109,"href":"https:\/\/sectorprensa.com.ar\/index.php?rest_route=\/wp\/v2\/posts\/78107\/revisions\/78109"}],"wp:featuredmedia":[{"embeddable":true,"href":"https:\/\/sectorprensa.com.ar\/index.php?rest_route=\/wp\/v2\/media\/78108"}],"wp:attachment":[{"href":"https:\/\/sectorprensa.com.ar\/index.php?rest_route=%2Fwp%2Fv2%2Fmedia&parent=78107"}],"wp:term":[{"taxonomy":"category","embeddable":true,"href":"https:\/\/sectorprensa.com.ar\/index.php?rest_route=%2Fwp%2Fv2%2Fcategories&post=78107"},{"taxonomy":"post_tag","embeddable":true,"href":"https:\/\/sectorprensa.com.ar\/index.php?rest_route=%2Fwp%2Fv2%2Ftags&post=78107"}],"curies":[{"name":"wp","href":"https:\/\/api.w.org\/{rel}","templated":true}]}}