{"id":78294,"date":"2026-01-24T11:05:49","date_gmt":"2026-01-24T14:05:49","guid":{"rendered":"https:\/\/sectorprensa.com.ar\/?p=78294"},"modified":"2026-01-24T11:05:49","modified_gmt":"2026-01-24T14:05:49","slug":"ituzaingo-recibio-un-reconocimiento-por-su-compromiso-con-el-arbolado-urbano","status":"publish","type":"post","link":"https:\/\/sectorprensa.com.ar\/?p=78294","title":{"rendered":"Ituzaing\u00f3 recibi\u00f3 un reconocimiento por su compromiso con el arbolado urbano"},"content":{"rendered":"\n<p><strong>La distinci\u00f3n, otorgada por la Red Argentina de Municipios frente al Cambio Clim\u00e1tico, destaca las pol\u00edticas ambientales impulsadas por el distrito durante 2025, con la plantaci\u00f3n de miles de \u00e1rboles y la participaci\u00f3n activa de la comunidad en acciones orientadas a una ciudad m\u00e1s verde y sostenible.<\/strong><\/p>\n\n\n\n<p>La Red Argentina de Municipios frente al Cambio Clim\u00e1tico (RAMCC) entreg\u00f3 un reconocimiento al Municipio de Ituzaing\u00f3 por la implementaci\u00f3n de pol\u00edticas de arbolado urbano durante el a\u00f1o 2025. La distinci\u00f3n fue otorgada como parte de la campa\u00f1a nacional \u201c1 mill\u00f3n de \u00e1rboles\u201d, cuya meta es plantar un mill\u00f3n de ejemplares en todo el territorio nacional.<\/p>\n\n\n\n<p>La RAMCC es una coalici\u00f3n de municipios y comunas de todo el pa\u00eds que coordina e impulsa planes estrat\u00e9gicos para hacer frente al cambio clim\u00e1tico, enmarcada en los objetivos del Pacto Global de Alcaldes por el Clima y la Energ\u00eda. Este pacto aborda tres ejes de acci\u00f3n: mitigaci\u00f3n del cambio clim\u00e1tico, adaptaci\u00f3n a los efectos adversos y acceso universal a energ\u00eda verde.<\/p>\n\n\n\n<p>Durante 2025, Ituzaing\u00f3 aport\u00f3 m\u00e1s de 3.600 ejemplares, que equivalen a una absorci\u00f3n estimada de m\u00e1s de 729 toneladas de di\u00f3xido de carbono (CO2) -estimaciones a 20 a\u00f1os, medidas seg\u00fan la metodolog\u00eda One Tree Planted, que calcula un promedio de 10 kg por \u00e1rbol durante sus primeras dos d\u00e9cadas-. Si se extienden estas estimaciones desde la implementaci\u00f3n del Plan Estrat\u00e9gico Ituzaing\u00f3 Bosque Urbano, en 2024, la cifra asciende a 1.124,40 toneladas de di\u00f3xido de carbono.<\/p>\n\n\n\n<p>El Municipio de Ituzaing\u00f3 forma parte de la red desde 2022 y, junto al equipo t\u00e9cnico de esta organizaci\u00f3n, realiza el Plan Local de Acci\u00f3n Clim\u00e1tica, una herramienta de planificaci\u00f3n estrat\u00e9gica local que permite optimizar la gesti\u00f3n de recursos para la construcci\u00f3n de una ciudad m\u00e1s verde y sostenible, teniendo en cuenta los tres ejes de trabajo mencionados anteriormente.<\/p>\n\n\n\n<p>2025 fue el cuarto a\u00f1o consecutivo en que la Red Argentina de Municipios contra el Cambio Clim\u00e1tico distingui\u00f3 al Municipio de Ituzaing\u00f3 por su compromiso con la gesti\u00f3n y el fomento del arbolado urbano. Este reconocimiento fue posible gracias a la participaci\u00f3n de los vecinos y vecinas en las pol\u00edticas ambientales que implementa el gobierno municipal, a trav\u00e9s de las jornadas de Ecocanje, las forestaciones comunitarias y la creaci\u00f3n de biocorredores, enmarcadas en el Plan Estrat\u00e9gico Ituzaing\u00f3 Bosque Urbano 2030.<\/p>\n","protected":false},"excerpt":{"rendered":"<p>La distinci\u00f3n, otorgada por la Red Argentina de Municipios frente al Cambio Clim\u00e1tico, destaca las pol\u00edticas ambientales impulsadas por el<\/p>\n","protected":false},"author":14,"featured_media":78295,"comment_status":"closed","ping_status":"","sticky":false,"template":"","format":"standard","meta":{"colormag_page_container_layout":"default_layout","colormag_page_sidebar_layout":"default_layout","footnotes":""},"categories":[17,4,8],"tags":[],"class_list":["post-78294","post","type-post","status-publish","format-standard","has-post-thumbnail","hentry","category-destacadas","category-ituzaingo","category-politica"],"_links":{"self":[{"href":"https:\/\/sectorprensa.com.ar\/index.php?rest_route=\/wp\/v2\/posts\/78294","targetHints":{"allow":["GET"]}}],"collection":[{"href":"https:\/\/sectorprensa.com.ar\/index.php?rest_route=\/wp\/v2\/posts"}],"about":[{"href":"https:\/\/sectorprensa.com.ar\/index.php?rest_route=\/wp\/v2\/types\/post"}],"author":[{"embeddable":true,"href":"https:\/\/sectorprensa.com.ar\/index.php?rest_route=\/wp\/v2\/users\/14"}],"replies":[{"embeddable":true,"href":"https:\/\/sectorprensa.com.ar\/index.php?rest_route=%2Fwp%2Fv2%2Fcomments&post=78294"}],"version-history":[{"count":1,"href":"https:\/\/sectorprensa.com.ar\/index.php?rest_route=\/wp\/v2\/posts\/78294\/revisions"}],"predecessor-version":[{"id":78296,"href":"https:\/\/sectorprensa.com.ar\/index.php?rest_route=\/wp\/v2\/posts\/78294\/revisions\/78296"}],"wp:featuredmedia":[{"embeddable":true,"href":"https:\/\/sectorprensa.com.ar\/index.php?rest_route=\/wp\/v2\/media\/78295"}],"wp:attachment":[{"href":"https:\/\/sectorprensa.com.ar\/index.php?rest_route=%2Fwp%2Fv2%2Fmedia&parent=78294"}],"wp:term":[{"taxonomy":"category","embeddable":true,"href":"https:\/\/sectorprensa.com.ar\/index.php?rest_route=%2Fwp%2Fv2%2Fcategories&post=78294"},{"taxonomy":"post_tag","embeddable":true,"href":"https:\/\/sectorprensa.com.ar\/index.php?rest_route=%2Fwp%2Fv2%2Ftags&post=78294"}],"curies":[{"name":"wp","href":"https:\/\/api.w.org\/{rel}","templated":true}]}}