{"id":78297,"date":"2026-01-24T11:10:42","date_gmt":"2026-01-24T14:10:42","guid":{"rendered":"https:\/\/sectorprensa.com.ar\/?p=78297"},"modified":"2026-01-24T11:10:42","modified_gmt":"2026-01-24T14:10:42","slug":"moron-aplicara-la-vacuna-contra-el-dengue-de-manera-gratuita","status":"publish","type":"post","link":"https:\/\/sectorprensa.com.ar\/?p=78297","title":{"rendered":"Mor\u00f3n aplicar\u00e1 la vacuna contra el dengue de manera gratuita"},"content":{"rendered":"\n<p><strong>La campa\u00f1a se realiza con turno previo y est\u00e1 destinada a personas de entre 15 y 59 a\u00f1os.<\/strong><\/p>\n\n\n\n<p>El Municipio de Mor\u00f3n contin\u00faa fortaleciendo las acciones de prevenci\u00f3n y cuidado de la salud de la comunidad mediante la aplicaci\u00f3n gratuita de la vacuna contra el dengue, una enfermedad viral transmitida por el mosquito Aedes aegypti.<\/p>\n\n\n\n<p>La campa\u00f1a est\u00e1 dirigida a personas de entre 15 y 59 a\u00f1os y se desarrolla en el Vacunatorio Central de Mor\u00f3n, ubicado en Boatti 3.<\/p>\n\n\n\n<p>Para acceder a la vacuna es obligatorio solicitar turno previo a trav\u00e9s del sitio web oficial del Estado local. Las y los interesados deben ingresar a al portal municipal, seleccionar la opci\u00f3n \u201cVacunaci\u00f3n\u201d y elegir el d\u00eda y horario disponibles. La comunidad podr\u00e1 acceder directamente, en caso de no conseguir turno, ya que se aplicar\u00e1n una peque\u00f1a cantidad por demanda espontanea diariamente.<\/p>\n\n\n\n<p>Adem\u00e1s, es requisito leer y completar el formulario correspondiente como parte del proceso de solicitud del turno.<\/p>\n\n\n\n<p>El dengue puede presentarse de forma asintom\u00e1tica o manifestarse con fiebre alta, dolor de cabeza, dolores musculares y articulares intensos, y erupciones en la piel. En una menor proporci\u00f3n de los casos, la enfermedad puede evolucionar hacia cuadros graves con hemorragias, extravasaci\u00f3n de plasma o choque hipovol\u00e9mico, lo que representa un riesgo para la vida.<\/p>\n\n\n\n<p>\u201cDe esta manera, el Estado local contin\u00faa promoviendo pol\u00edticas p\u00fablicas de prevenci\u00f3n y cuidado, garantizando el acceso informado y responsable a la vacunaci\u00f3n como parte de una estrategia integral para reducir el impacto del dengue en la comunidad\u201d, remarcaron.<\/p>\n\n\n\n<p><strong><br><\/strong><\/p>\n","protected":false},"excerpt":{"rendered":"<p>La campa\u00f1a se realiza con turno previo y est\u00e1 destinada a personas de entre 15 y 59 a\u00f1os. El Municipio<\/p>\n","protected":false},"author":14,"featured_media":78298,"comment_status":"closed","ping_status":"","sticky":false,"template":"","format":"standard","meta":{"colormag_page_container_layout":"default_layout","colormag_page_sidebar_layout":"default_layout","footnotes":""},"categories":[17,5,1173,10],"tags":[],"class_list":["post-78297","post","type-post","status-publish","format-standard","has-post-thumbnail","hentry","category-destacadas","category-moron","category-municipales","category-sociedad"],"_links":{"self":[{"href":"https:\/\/sectorprensa.com.ar\/index.php?rest_route=\/wp\/v2\/posts\/78297","targetHints":{"allow":["GET"]}}],"collection":[{"href":"https:\/\/sectorprensa.com.ar\/index.php?rest_route=\/wp\/v2\/posts"}],"about":[{"href":"https:\/\/sectorprensa.com.ar\/index.php?rest_route=\/wp\/v2\/types\/post"}],"author":[{"embeddable":true,"href":"https:\/\/sectorprensa.com.ar\/index.php?rest_route=\/wp\/v2\/users\/14"}],"replies":[{"embeddable":true,"href":"https:\/\/sectorprensa.com.ar\/index.php?rest_route=%2Fwp%2Fv2%2Fcomments&post=78297"}],"version-history":[{"count":1,"href":"https:\/\/sectorprensa.com.ar\/index.php?rest_route=\/wp\/v2\/posts\/78297\/revisions"}],"predecessor-version":[{"id":78299,"href":"https:\/\/sectorprensa.com.ar\/index.php?rest_route=\/wp\/v2\/posts\/78297\/revisions\/78299"}],"wp:featuredmedia":[{"embeddable":true,"href":"https:\/\/sectorprensa.com.ar\/index.php?rest_route=\/wp\/v2\/media\/78298"}],"wp:attachment":[{"href":"https:\/\/sectorprensa.com.ar\/index.php?rest_route=%2Fwp%2Fv2%2Fmedia&parent=78297"}],"wp:term":[{"taxonomy":"category","embeddable":true,"href":"https:\/\/sectorprensa.com.ar\/index.php?rest_route=%2Fwp%2Fv2%2Fcategories&post=78297"},{"taxonomy":"post_tag","embeddable":true,"href":"https:\/\/sectorprensa.com.ar\/index.php?rest_route=%2Fwp%2Fv2%2Ftags&post=78297"}],"curies":[{"name":"wp","href":"https:\/\/api.w.org\/{rel}","templated":true}]}}