{"id":78300,"date":"2026-01-24T11:14:43","date_gmt":"2026-01-24T14:14:43","guid":{"rendered":"https:\/\/sectorprensa.com.ar\/?p=78300"},"modified":"2026-01-24T11:14:43","modified_gmt":"2026-01-24T14:14:43","slug":"luis-barrionuevo-la-economia-esta-estancada-y-los-salarios-son-pauperrimos","status":"publish","type":"post","link":"https:\/\/sectorprensa.com.ar\/?p=78300","title":{"rendered":"Luis Barrionuevo: \u201cLa econom\u00eda est\u00e1 estancada y los salarios son paup\u00e9rrimos\u201d"},"content":{"rendered":"\n<p><strong>El l\u00edder gastron\u00f3mico lanz\u00f3 duras cr\u00edticas a la gesti\u00f3n de Javier Milei y ratific\u00f3 el rechazo absoluto a la reforma laboral.<\/strong><\/p>\n\n\n\n<p>En el marco de un multitudinario encuentro sindical en Mar del Plata, el titular de la Uni\u00f3n de Trabajadores del Turismo, Hoteleros y Gastron\u00f3micos de la Rep\u00fablica Argentina (UTHGRA), Luis Barrionuevo, lanz\u00f3 duras cr\u00edticas a la gesti\u00f3n de Javier Milei y ratific\u00f3 el rechazo absoluto a la reforma laboral.<\/p>\n\n\n\n<p>El dirigente advirti\u00f3 sobre la par\u00e1lisis de la actividad productiva y se\u00f1al\u00f3 que \u201cel gobierno tiene que dejar de pedir tanta plata prestada y ponerse las pilas para reactivar la econom\u00eda del pa\u00eds\u201d.<\/p>\n\n\n\n<p>Para Barrionuevo, la convocatoria del Movimiento Nacional Sindical Peronista result\u00f3 \u201cun \u00e9xito\u201d y servir\u00e1 de base para que la CGT defina los pr\u00f3ximos pasos a seguir, sin descartar medidas de fuerza o movilizaciones frente al tratamiento del proyecto oficialista en el Senado.<\/p>\n\n\n\n<p>Durante su intervenci\u00f3n, seg\u00fan public\u00f3 La Capital de Mar del Plata, el gastron\u00f3mico calific\u00f3 como \u201cperjudicial para los trabajadores\u201d el plan de reformas que impulsa el Ejecutivo y denunci\u00f3 que existen art\u00edculos dentro de la normativa que resultan \u201cdenigrantes\u201d.<\/p>\n\n\n\n<p>Con el asesoramiento econ\u00f3mico de Mart\u00edn Redrado como referente del espacio, Barrionuevo insisti\u00f3 en que no es posible modificar las leyes laborales en un contexto de recesi\u00f3n: \u201cPrimero, para reformar algo, para cambiar algo, tiene que haber producci\u00f3n en el pa\u00eds. Todav\u00eda no arranc\u00f3 la econom\u00eda, no hay plata\u201d, sentenci\u00f3.<\/p>\n\n\n\n<p>Finalmente, remarc\u00f3 que el movimiento sindical avanzar\u00e1 en definiciones pol\u00edticas con el respaldo de la juventud y sectores eclesi\u00e1sticos, delegando en la central obrera la responsabilidad de negociar o profundizar el plan de lucha ante una realidad donde, a su criterio, \u201csi no hay consumo, no se da nada\u201d.<\/p>\n\n\n\n<p><strong><br><\/strong><\/p>\n","protected":false},"excerpt":{"rendered":"<p>El l\u00edder gastron\u00f3mico lanz\u00f3 duras cr\u00edticas a la gesti\u00f3n de Javier Milei y ratific\u00f3 el rechazo absoluto a la reforma<\/p>\n","protected":false},"author":14,"featured_media":78301,"comment_status":"closed","ping_status":"","sticky":false,"template":"","format":"standard","meta":{"colormag_page_container_layout":"default_layout","colormag_page_sidebar_layout":"default_layout","footnotes":""},"categories":[17,8],"tags":[],"class_list":["post-78300","post","type-post","status-publish","format-standard","has-post-thumbnail","hentry","category-destacadas","category-politica"],"_links":{"self":[{"href":"https:\/\/sectorprensa.com.ar\/index.php?rest_route=\/wp\/v2\/posts\/78300","targetHints":{"allow":["GET"]}}],"collection":[{"href":"https:\/\/sectorprensa.com.ar\/index.php?rest_route=\/wp\/v2\/posts"}],"about":[{"href":"https:\/\/sectorprensa.com.ar\/index.php?rest_route=\/wp\/v2\/types\/post"}],"author":[{"embeddable":true,"href":"https:\/\/sectorprensa.com.ar\/index.php?rest_route=\/wp\/v2\/users\/14"}],"replies":[{"embeddable":true,"href":"https:\/\/sectorprensa.com.ar\/index.php?rest_route=%2Fwp%2Fv2%2Fcomments&post=78300"}],"version-history":[{"count":1,"href":"https:\/\/sectorprensa.com.ar\/index.php?rest_route=\/wp\/v2\/posts\/78300\/revisions"}],"predecessor-version":[{"id":78302,"href":"https:\/\/sectorprensa.com.ar\/index.php?rest_route=\/wp\/v2\/posts\/78300\/revisions\/78302"}],"wp:featuredmedia":[{"embeddable":true,"href":"https:\/\/sectorprensa.com.ar\/index.php?rest_route=\/wp\/v2\/media\/78301"}],"wp:attachment":[{"href":"https:\/\/sectorprensa.com.ar\/index.php?rest_route=%2Fwp%2Fv2%2Fmedia&parent=78300"}],"wp:term":[{"taxonomy":"category","embeddable":true,"href":"https:\/\/sectorprensa.com.ar\/index.php?rest_route=%2Fwp%2Fv2%2Fcategories&post=78300"},{"taxonomy":"post_tag","embeddable":true,"href":"https:\/\/sectorprensa.com.ar\/index.php?rest_route=%2Fwp%2Fv2%2Ftags&post=78300"}],"curies":[{"name":"wp","href":"https:\/\/api.w.org\/{rel}","templated":true}]}}