{"id":78303,"date":"2026-01-24T21:32:47","date_gmt":"2026-01-25T00:32:47","guid":{"rendered":"https:\/\/sectorprensa.com.ar\/?p=78303"},"modified":"2026-01-24T21:32:47","modified_gmt":"2026-01-25T00:32:47","slug":"kicillof-participo-de-una-jornada-de-formacion-y-prevencion-de-incendios-forestales","status":"publish","type":"post","link":"https:\/\/sectorprensa.com.ar\/?p=78303","title":{"rendered":"Kicillof particip\u00f3 de una jornada de formaci\u00f3n y prevenci\u00f3n de incendios forestales"},"content":{"rendered":"\n<p><strong>El Gobernador asisti\u00f3 a la 7\u00ba edici\u00f3n del campamento de scouts \u201cRover Moot Nacional\u201d.<\/strong><\/p>\n\n\n\n<p>El gobernador de la provincia de Buenos Aires, Axel Kicillof, particip\u00f3 este s\u00e1bado de una jornada de sensibilizaci\u00f3n, formaci\u00f3n y difusi\u00f3n de acciones vinculadas a la gesti\u00f3n del riesgo de incendios forestales. Fue en el marco de la 7\u00ba edici\u00f3n del campamento de scouts \u201cRover Moot Nacional\u201d, en la ciudad de Necochea, junto al director provincial de Defensa Civil, Fabi\u00e1n Garc\u00eda, y el intendente local, Arturo Rojas.<\/p>\n\n\n\n<p>La actividad incluy\u00f3 un simulacro de combate de incendios con helic\u00f3pteros, una charla informativa sobre las tareas que realizan los brigadistas forestales y una exposici\u00f3n de materiales espec\u00edficos utilizados en las acciones de gesti\u00f3n del riesgo. Adem\u00e1s, el Gobernador recorri\u00f3 el campamento organizado por los scouts para el evento que re\u00fane a m\u00e1s de 4.500 j\u00f3venes de entre 18 y 22 a\u00f1os.<\/p>\n\n\n\n<figure class=\"wp-block-embed is-type-rich is-provider-twitter wp-block-embed-twitter\"><div class=\"wp-block-embed__wrapper\">\n<blockquote class=\"twitter-tweet\" data-width=\"550\" data-dnt=\"true\"><p lang=\"es\" dir=\"ltr\">Esos mismos valores solidarios y de cuidado de los dem\u00e1s son los que compartimos con los miles de j\u00f3venes que participan del campamento scout Rover Moot Nacional en Necochea.<br><br>\u00a1Gracias por recibirnos en este gran encuentro y por trabajar junto a nosotros por el bienestar de\u2026 <a href=\"https:\/\/t.co\/yNljfh6qvq\">pic.twitter.com\/yNljfh6qvq<\/a><\/p>&mdash; Axel Kicillof (@Kicillofok) <a href=\"https:\/\/twitter.com\/Kicillofok\/status\/2015113203148313038?ref_src=twsrc%5Etfw\">January 24, 2026<\/a><\/blockquote><script async src=\"https:\/\/platform.twitter.com\/widgets.js\" charset=\"utf-8\"><\/script>\n<\/div><\/figure>\n\n\n\n<p>En ese sentido, Kicillof destac\u00f3 que \u201cesta jornada multitudinaria es muy importante para los scouts, el municipio de Necochea y toda la provincia de Buenos Aires: en un momento en el que nos hablan solo del individualismo, aqu\u00ed hay miles de j\u00f3venes que defienden la vida en comunidad y la solidaridad\u201d.&nbsp;\u201cEsos valores son los mismos que compartimos desde un Estado bonaerense que les abre las puertas a todas las organizaciones de la sociedad civil para trabajar en conjunto en acciones que beneficien a nuestro pueblo\u201d, a\u00f1adi\u00f3.<\/p>\n\n\n\n<p>En noviembre de 2025 el Ministerio de Seguridad de la Provincia y la Asociaci\u00f3n de Scouts de Argentina firmaron un convenio para la colaboraci\u00f3n en emergencias y desastres que, adem\u00e1s, incluye pol\u00edticas para la formaci\u00f3n en incendios forestales y materiales peligrosos.<\/p>\n\n\n\n<p>El gobierno bonaerense lleva adelante un plan de Contingencia para Manejo del Fuego, en el marco del Operativo de Sol a Sol que se despliega en todos los destinos tur\u00edsticos de la provincia. Bajo la coordinaci\u00f3n de la Direcci\u00f3n Provincial de Defensa Civil, cuenta con la participaci\u00f3n de 17.550 bomberos voluntarios, 1.040 bomberos de la Polic\u00eda y un cuerpo de 518 bomberos voluntarios formados espec\u00edficamente para incendios forestales.<\/p>\n\n\n\n<p>Estuvieron presentes por Scouts de Argentina su presidenta, Luj\u00e1n Peci\u00f1a, y el director ejecutivo, Lucas Piangatelli; y por parte de la Fundaci\u00f3n Scouts, la presidenta, Marina Rust\u00e1n; &nbsp;el vicepresidente, Mauro Tereszko; y el director Adri\u00e1n Colonna.<\/p>\n","protected":false},"excerpt":{"rendered":"<p>El Gobernador asisti\u00f3 a la 7\u00ba edici\u00f3n del campamento de scouts \u201cRover Moot Nacional\u201d. El gobernador de la provincia de<\/p>\n","protected":false},"author":14,"featured_media":78304,"comment_status":"closed","ping_status":"","sticky":false,"template":"","format":"standard","meta":{"colormag_page_container_layout":"default_layout","colormag_page_sidebar_layout":"default_layout","footnotes":""},"categories":[17,8,18],"tags":[],"class_list":["post-78303","post","type-post","status-publish","format-standard","has-post-thumbnail","hentry","category-destacadas","category-politica","category-provincia"],"_links":{"self":[{"href":"https:\/\/sectorprensa.com.ar\/index.php?rest_route=\/wp\/v2\/posts\/78303","targetHints":{"allow":["GET"]}}],"collection":[{"href":"https:\/\/sectorprensa.com.ar\/index.php?rest_route=\/wp\/v2\/posts"}],"about":[{"href":"https:\/\/sectorprensa.com.ar\/index.php?rest_route=\/wp\/v2\/types\/post"}],"author":[{"embeddable":true,"href":"https:\/\/sectorprensa.com.ar\/index.php?rest_route=\/wp\/v2\/users\/14"}],"replies":[{"embeddable":true,"href":"https:\/\/sectorprensa.com.ar\/index.php?rest_route=%2Fwp%2Fv2%2Fcomments&post=78303"}],"version-history":[{"count":1,"href":"https:\/\/sectorprensa.com.ar\/index.php?rest_route=\/wp\/v2\/posts\/78303\/revisions"}],"predecessor-version":[{"id":78305,"href":"https:\/\/sectorprensa.com.ar\/index.php?rest_route=\/wp\/v2\/posts\/78303\/revisions\/78305"}],"wp:featuredmedia":[{"embeddable":true,"href":"https:\/\/sectorprensa.com.ar\/index.php?rest_route=\/wp\/v2\/media\/78304"}],"wp:attachment":[{"href":"https:\/\/sectorprensa.com.ar\/index.php?rest_route=%2Fwp%2Fv2%2Fmedia&parent=78303"}],"wp:term":[{"taxonomy":"category","embeddable":true,"href":"https:\/\/sectorprensa.com.ar\/index.php?rest_route=%2Fwp%2Fv2%2Fcategories&post=78303"},{"taxonomy":"post_tag","embeddable":true,"href":"https:\/\/sectorprensa.com.ar\/index.php?rest_route=%2Fwp%2Fv2%2Ftags&post=78303"}],"curies":[{"name":"wp","href":"https:\/\/api.w.org\/{rel}","templated":true}]}}