{"id":78306,"date":"2026-01-25T14:52:32","date_gmt":"2026-01-25T17:52:32","guid":{"rendered":"https:\/\/sectorprensa.com.ar\/?p=78306"},"modified":"2026-01-25T21:37:42","modified_gmt":"2026-01-26T00:37:42","slug":"a-pesar-de-la-situacion-economica-una-encuesta-revelo-que-milei-ganaria-un-eventual-balotaje","status":"publish","type":"post","link":"https:\/\/sectorprensa.com.ar\/?p=78306","title":{"rendered":"A pesar de la situaci\u00f3n econ\u00f3mica, una encuesta revel\u00f3 que Milei ganar\u00eda un eventual balotaje"},"content":{"rendered":"\n<h6 class=\"wp-block-heading\"><strong>La mitad de los encuestados asegura no llegar a fin de mes, pero el Presidente seguir\u00eda contando con apoyo y alcanzar\u00eda un 49%. Por su parte, Axel Kicillof no podr\u00eda alcanzar un 40% en las elecciones de 2027.<\/strong><\/h6>\n\n\n\n<p>La consultora Trends realiz\u00f3 un informe que dej\u00f3 una paradoja. Con la mitad del mandato de Javier Milei, y a dos a\u00f1os de las elecciones presidenciales, los n\u00fameros indican que en un eventual balotaje el Presidente se impondr\u00eda, a pesar de que el 40% de los encuestados se\u00f1ala no llegar a fin de mes.<\/p>\n\n\n\n<p>En enero de 2026 fueron consultadas unas dos mil personas, las cuales expresaron que las mayores preocupaciones son el salario y la econom\u00eda. En ese sentido, un 40% dijo no poder llegar a fin de mes, el 32% que llega con \u00abdificultad\u00bb y el 59% que disminuy\u00f3 su consumo en relaci\u00f3n a 2025.<\/p>\n\n\n\n<p>A pesar de la realidad, Milei se impondr\u00eda en las elecciones con el 49% y superar\u00eda a Axel Kicillof, quien alcanzar\u00eda un 35%. Por su parte, La Libertad Avanza lidera la intenci\u00f3n de voto con 43%, mientras que el peronismo con Kicillof y Cristina Fern\u00e1ndez de Kirchner s\u00f3lo cuenta con 32%.<\/p>\n\n\n\n<figure class=\"wp-block-embed is-type-wp-embed is-provider-sector-prensa wp-block-embed-sector-prensa\"><div class=\"wp-block-embed__wrapper\">\n<blockquote class=\"wp-embedded-content\" data-secret=\"mrifJZuRkp\"><a href=\"https:\/\/sectorprensa.com.ar\/?p=78303\">Kicillof particip\u00f3 de una jornada de formaci\u00f3n y prevenci\u00f3n de incendios forestales<\/a><\/blockquote><iframe loading=\"lazy\" class=\"wp-embedded-content\" sandbox=\"allow-scripts\" security=\"restricted\" style=\"position: absolute; visibility: hidden;\" title=\"\u00abKicillof particip\u00f3 de una jornada de formaci\u00f3n y prevenci\u00f3n de incendios forestales\u00bb \u2014 Sector Prensa\" src=\"https:\/\/sectorprensa.com.ar\/?p=78303&#038;embed=true#?secret=JRdAIlegtr#?secret=mrifJZuRkp\" data-secret=\"mrifJZuRkp\" width=\"600\" height=\"338\" frameborder=\"0\" marginwidth=\"0\" marginheight=\"0\" scrolling=\"no\"><\/iframe>\n<\/div><\/figure>\n","protected":false},"excerpt":{"rendered":"<p>La mitad de los encuestados asegura no llegar a fin de mes, pero el Presidente seguir\u00eda contando con apoyo y<\/p>\n","protected":false},"author":13,"featured_media":78307,"comment_status":"closed","ping_status":"","sticky":false,"template":"","format":"standard","meta":{"colormag_page_container_layout":"default_layout","colormag_page_sidebar_layout":"default_layout","footnotes":""},"categories":[17,8],"tags":[6221,7394],"class_list":["post-78306","post","type-post","status-publish","format-standard","has-post-thumbnail","hentry","category-destacadas","category-politica","tag-javier-milei","tag-la-libertad-avanza"],"_links":{"self":[{"href":"https:\/\/sectorprensa.com.ar\/index.php?rest_route=\/wp\/v2\/posts\/78306","targetHints":{"allow":["GET"]}}],"collection":[{"href":"https:\/\/sectorprensa.com.ar\/index.php?rest_route=\/wp\/v2\/posts"}],"about":[{"href":"https:\/\/sectorprensa.com.ar\/index.php?rest_route=\/wp\/v2\/types\/post"}],"author":[{"embeddable":true,"href":"https:\/\/sectorprensa.com.ar\/index.php?rest_route=\/wp\/v2\/users\/13"}],"replies":[{"embeddable":true,"href":"https:\/\/sectorprensa.com.ar\/index.php?rest_route=%2Fwp%2Fv2%2Fcomments&post=78306"}],"version-history":[{"count":1,"href":"https:\/\/sectorprensa.com.ar\/index.php?rest_route=\/wp\/v2\/posts\/78306\/revisions"}],"predecessor-version":[{"id":78309,"href":"https:\/\/sectorprensa.com.ar\/index.php?rest_route=\/wp\/v2\/posts\/78306\/revisions\/78309"}],"wp:featuredmedia":[{"embeddable":true,"href":"https:\/\/sectorprensa.com.ar\/index.php?rest_route=\/wp\/v2\/media\/78307"}],"wp:attachment":[{"href":"https:\/\/sectorprensa.com.ar\/index.php?rest_route=%2Fwp%2Fv2%2Fmedia&parent=78306"}],"wp:term":[{"taxonomy":"category","embeddable":true,"href":"https:\/\/sectorprensa.com.ar\/index.php?rest_route=%2Fwp%2Fv2%2Fcategories&post=78306"},{"taxonomy":"post_tag","embeddable":true,"href":"https:\/\/sectorprensa.com.ar\/index.php?rest_route=%2Fwp%2Fv2%2Ftags&post=78306"}],"curies":[{"name":"wp","href":"https:\/\/api.w.org\/{rel}","templated":true}]}}