{"id":78311,"date":"2026-01-25T17:27:21","date_gmt":"2026-01-25T20:27:21","guid":{"rendered":"https:\/\/sectorprensa.com.ar\/?p=78311"},"modified":"2026-01-25T17:27:21","modified_gmt":"2026-01-25T20:27:21","slug":"moron-la-universidad-fue-distinguida-como-referente-en-educacion-superior-en-america-latina","status":"publish","type":"post","link":"https:\/\/sectorprensa.com.ar\/?p=78311","title":{"rendered":"Mor\u00f3n: la universidad fue distinguida como Referente en Educaci\u00f3n Superior en Am\u00e9rica Latina"},"content":{"rendered":"\n<h6 class=\"wp-block-heading\"><strong>Se presentar\u00e1 en M\u00e9xico, en el IFE Conference 2026, la transformaci\u00f3n del establecimiento por medio de la innovaci\u00f3n y nuevas propuestas de aprendizaje.<\/strong><\/h6>\n\n\n\n<p>La Universidad de Mor\u00f3n fue distinguida como Referente en Educaci\u00f3n Superior en Am\u00e9rica Latina y estar\u00e1 presente en M\u00e9xico. La casa de estudios fue reconocida por haber integrado IA y una propuesta de aprendizaje a distancia.<\/p>\n\n\n\n<p>La facultad ser\u00e1 parte del IFE Conference 2026, que se llevar\u00e1 a cabo del 27 al 29 de enero en el Tec de Monterrey, donde fue invitada por la empresa Cognos Online.<\/p>\n\n\n\n<p>El Decano de la Escuela Superior de Leyes y Experto en Educaci\u00f3n Digital, Dr. Pablo Navarro, presentar\u00e1 all\u00ed c\u00f3mo la UM est\u00e1 transformando la educaci\u00f3n superior a trav\u00e9s de la innovaci\u00f3n y la implementaci\u00f3n de nuevas propuestas de aprendizaje.<\/p>\n\n\n\n<figure class=\"wp-block-embed is-type-wp-embed is-provider-sector-prensa wp-block-embed-sector-prensa\"><div class=\"wp-block-embed__wrapper\">\n<blockquote class=\"wp-embedded-content\" data-secret=\"jguFZZaJvA\"><a href=\"https:\/\/sectorprensa.com.ar\/?p=78297\">Mor\u00f3n aplicar\u00e1 la vacuna contra el dengue de manera gratuita<\/a><\/blockquote><iframe loading=\"lazy\" class=\"wp-embedded-content\" sandbox=\"allow-scripts\" security=\"restricted\" style=\"position: absolute; visibility: hidden;\" title=\"\u00abMor\u00f3n aplicar\u00e1 la vacuna contra el dengue de manera gratuita\u00bb \u2014 Sector Prensa\" src=\"https:\/\/sectorprensa.com.ar\/?p=78297&#038;embed=true#?secret=CSdC6ZgDJ9#?secret=jguFZZaJvA\" data-secret=\"jguFZZaJvA\" width=\"600\" height=\"338\" frameborder=\"0\" marginwidth=\"0\" marginheight=\"0\" scrolling=\"no\"><\/iframe>\n<\/div><\/figure>\n","protected":false},"excerpt":{"rendered":"<p>Se presentar\u00e1 en M\u00e9xico, en el IFE Conference 2026, la transformaci\u00f3n del establecimiento por medio de la innovaci\u00f3n y nuevas<\/p>\n","protected":false},"author":13,"featured_media":78312,"comment_status":"closed","ping_status":"","sticky":false,"template":"","format":"standard","meta":{"colormag_page_container_layout":"default_layout","colormag_page_sidebar_layout":"default_layout","footnotes":""},"categories":[17,5,10],"tags":[2525,1607],"class_list":["post-78311","post","type-post","status-publish","format-standard","has-post-thumbnail","hentry","category-destacadas","category-moron","category-sociedad","tag-moron-2","tag-universidad-de-moron"],"_links":{"self":[{"href":"https:\/\/sectorprensa.com.ar\/index.php?rest_route=\/wp\/v2\/posts\/78311","targetHints":{"allow":["GET"]}}],"collection":[{"href":"https:\/\/sectorprensa.com.ar\/index.php?rest_route=\/wp\/v2\/posts"}],"about":[{"href":"https:\/\/sectorprensa.com.ar\/index.php?rest_route=\/wp\/v2\/types\/post"}],"author":[{"embeddable":true,"href":"https:\/\/sectorprensa.com.ar\/index.php?rest_route=\/wp\/v2\/users\/13"}],"replies":[{"embeddable":true,"href":"https:\/\/sectorprensa.com.ar\/index.php?rest_route=%2Fwp%2Fv2%2Fcomments&post=78311"}],"version-history":[{"count":1,"href":"https:\/\/sectorprensa.com.ar\/index.php?rest_route=\/wp\/v2\/posts\/78311\/revisions"}],"predecessor-version":[{"id":78313,"href":"https:\/\/sectorprensa.com.ar\/index.php?rest_route=\/wp\/v2\/posts\/78311\/revisions\/78313"}],"wp:featuredmedia":[{"embeddable":true,"href":"https:\/\/sectorprensa.com.ar\/index.php?rest_route=\/wp\/v2\/media\/78312"}],"wp:attachment":[{"href":"https:\/\/sectorprensa.com.ar\/index.php?rest_route=%2Fwp%2Fv2%2Fmedia&parent=78311"}],"wp:term":[{"taxonomy":"category","embeddable":true,"href":"https:\/\/sectorprensa.com.ar\/index.php?rest_route=%2Fwp%2Fv2%2Fcategories&post=78311"},{"taxonomy":"post_tag","embeddable":true,"href":"https:\/\/sectorprensa.com.ar\/index.php?rest_route=%2Fwp%2Fv2%2Ftags&post=78311"}],"curies":[{"name":"wp","href":"https:\/\/api.w.org\/{rel}","templated":true}]}}