{"id":78314,"date":"2026-01-25T17:54:42","date_gmt":"2026-01-25T20:54:42","guid":{"rendered":"https:\/\/sectorprensa.com.ar\/?p=78314"},"modified":"2026-01-25T17:54:42","modified_gmt":"2026-01-25T20:54:42","slug":"vamos-a-avanzar-en-la-baja-de-imputabilidad","status":"publish","type":"post","link":"https:\/\/sectorprensa.com.ar\/?p=78314","title":{"rendered":"\u00abVamos a avanzar en la baja de imputabilidad\u00bb"},"content":{"rendered":"\n<h6 class=\"wp-block-heading\"><strong>Mart\u00edn Menem, Presidente de la C\u00e1mara de Diputados, afirm\u00f3 que una de las prioridades del gobierno es tratar el proyecto de Reforma del C\u00f3digo Penal.<\/strong><\/h6>\n\n\n\n<p>El gobierno nacional afronta un a\u00f1o donde buscar\u00e1 aprobar diferentes proyectos. Si bien se ha hablado mucho de la Reforma Laboral, el oficialismo tiene otro objetivo claro que es la aprobaci\u00f3n de la Reforma del C\u00f3digo Penal, con el que buscar\u00e1 bajar la imputabilidad.<\/p>\n\n\n\n<p>\u00abLos argentinos nos dieron un mandato claro: enfrentar los temas de fondo con decisi\u00f3n. En 2026 vamos a avanzar con la baja de la edad de imputabilidad en la Reforma del C\u00f3digo Penal. No hay medias tintas: el que las hace, las paga. Tenemos clara nuestra posici\u00f3n\u00bb, escribi\u00f3 Menem en sus redes sociales.<\/p>\n\n\n\n<p>D\u00edas atr\u00e1s, la senadora Patricia Bullrich hab\u00eda publicado: \u00abEste a\u00f1o los espero a todos para tratar la Ley Penal Juvenil en el Congreso: o acompa\u00f1as a las v\u00edctimas y a sus familias y evitas nuevas v\u00edctimas, o sostenes una posici\u00f3n pro-delincuentes\u00bb, expres\u00f3.<\/p>\n\n\n\n<p>\u00abBasta de este sistema vergonzoso que protege delincuentes y abandona a las v\u00edctimas. Vamos al mismo est\u00e1ndar que rige en nuestros pa\u00edses vecinos: responsabilidad penal temprana, jueces especializados y penas diferenciadas. Se les termin\u00f3 la impunidad por edad\u00bb, concluy\u00f3.<\/p>\n\n\n\n<figure class=\"wp-block-embed is-type-wp-embed is-provider-sector-prensa wp-block-embed-sector-prensa\"><div class=\"wp-block-embed__wrapper\">\n<blockquote class=\"wp-embedded-content\" data-secret=\"ceGODnhTNW\"><a href=\"https:\/\/sectorprensa.com.ar\/?p=78300\">Luis Barrionuevo: \u201cLa econom\u00eda est\u00e1 estancada y los salarios son paup\u00e9rrimos\u201d<\/a><\/blockquote><iframe loading=\"lazy\" class=\"wp-embedded-content\" sandbox=\"allow-scripts\" security=\"restricted\" style=\"position: absolute; visibility: hidden;\" title=\"\u00abLuis Barrionuevo: \u201cLa econom\u00eda est\u00e1 estancada y los salarios son paup\u00e9rrimos\u201d\u00bb \u2014 Sector Prensa\" src=\"https:\/\/sectorprensa.com.ar\/?p=78300&#038;embed=true#?secret=aXWuRJAYin#?secret=ceGODnhTNW\" data-secret=\"ceGODnhTNW\" width=\"600\" height=\"338\" frameborder=\"0\" marginwidth=\"0\" marginheight=\"0\" scrolling=\"no\"><\/iframe>\n<\/div><\/figure>\n","protected":false},"excerpt":{"rendered":"<p>Mart\u00edn Menem, Presidente de la C\u00e1mara de Diputados, afirm\u00f3 que una de las prioridades del gobierno es tratar el proyecto<\/p>\n","protected":false},"author":13,"featured_media":78315,"comment_status":"closed","ping_status":"","sticky":false,"template":"","format":"standard","meta":{"colormag_page_container_layout":"default_layout","colormag_page_sidebar_layout":"default_layout","footnotes":""},"categories":[17,8],"tags":[8741,8897,9700],"class_list":["post-78314","post","type-post","status-publish","format-standard","has-post-thumbnail","hentry","category-destacadas","category-politica","tag-imputabilidad","tag-martin-menem-2","tag-reforma-del-codigo-penal"],"_links":{"self":[{"href":"https:\/\/sectorprensa.com.ar\/index.php?rest_route=\/wp\/v2\/posts\/78314","targetHints":{"allow":["GET"]}}],"collection":[{"href":"https:\/\/sectorprensa.com.ar\/index.php?rest_route=\/wp\/v2\/posts"}],"about":[{"href":"https:\/\/sectorprensa.com.ar\/index.php?rest_route=\/wp\/v2\/types\/post"}],"author":[{"embeddable":true,"href":"https:\/\/sectorprensa.com.ar\/index.php?rest_route=\/wp\/v2\/users\/13"}],"replies":[{"embeddable":true,"href":"https:\/\/sectorprensa.com.ar\/index.php?rest_route=%2Fwp%2Fv2%2Fcomments&post=78314"}],"version-history":[{"count":1,"href":"https:\/\/sectorprensa.com.ar\/index.php?rest_route=\/wp\/v2\/posts\/78314\/revisions"}],"predecessor-version":[{"id":78316,"href":"https:\/\/sectorprensa.com.ar\/index.php?rest_route=\/wp\/v2\/posts\/78314\/revisions\/78316"}],"wp:featuredmedia":[{"embeddable":true,"href":"https:\/\/sectorprensa.com.ar\/index.php?rest_route=\/wp\/v2\/media\/78315"}],"wp:attachment":[{"href":"https:\/\/sectorprensa.com.ar\/index.php?rest_route=%2Fwp%2Fv2%2Fmedia&parent=78314"}],"wp:term":[{"taxonomy":"category","embeddable":true,"href":"https:\/\/sectorprensa.com.ar\/index.php?rest_route=%2Fwp%2Fv2%2Fcategories&post=78314"},{"taxonomy":"post_tag","embeddable":true,"href":"https:\/\/sectorprensa.com.ar\/index.php?rest_route=%2Fwp%2Fv2%2Ftags&post=78314"}],"curies":[{"name":"wp","href":"https:\/\/api.w.org\/{rel}","templated":true}]}}