{"id":78361,"date":"2026-01-27T12:02:21","date_gmt":"2026-01-27T15:02:21","guid":{"rendered":"https:\/\/sectorprensa.com.ar\/?p=78361"},"modified":"2026-01-27T12:02:21","modified_gmt":"2026-01-27T15:02:21","slug":"tolosa-paz-la-disputa-entre-kicillof-y-maximo-kirchner-no-deja-al-peronismo-en-un-buen-lugar","status":"publish","type":"post","link":"https:\/\/sectorprensa.com.ar\/?p=78361","title":{"rendered":"Tolosa Paz: \u201cLa disputa entre Kicillof y M\u00e1ximo Kirchner no deja al peronismo en un buen lugar\u201d"},"content":{"rendered":"\n<p><strong>La diputada nacional de Uni\u00f3n por la Patria Victoria breg\u00f3 por una lista de unidad para la renovaci\u00f3n de autoridades en el PJ Bonaerense.<\/strong><\/p>\n\n\n\n<p>La diputada nacional de Uni\u00f3n por la Patria Victoria Tolosa Paz breg\u00f3 este lunes por una lista de unidad para la renovaci\u00f3n de autoridades en el PJ Bonaerense y advirti\u00f3 que \u201cla disputa p\u00fablica que se est\u00e1 dando entre el gobernador Axel Kicillof y el sector conducido por M\u00e1ximo Kirchner\u201d no est\u00e1 dejando al peronismo \u201cen un buen lugar\u201d.<\/p>\n\n\n\n<p>En declaraciones radiales, la legisladora nacional evit\u00f3 pronunciarse a favor de alg\u00fan candidato en particular para presidir el PJ bonaerense y, al respecto, consider\u00f3 que cualquier intendente que exprese \u201ccapacidad de di\u00e1logo\u201d puede representar al peronismo de la provincia.<\/p>\n\n\n\n<p>\u201cMe gustar\u00eda que quien conduzca el partido tenga ganas de movilizar un debate profundo, que acompa\u00f1e al futuro gobernador o gobernadora y que discuta seriamente qu\u00e9 hacemos con la seguridad, con la matriz impositiva de la provincia y con el campo\u201d, indic\u00f3.<\/p>\n\n\n\n<p>\u201cHoy en la provincia de Buenos Aires estamos obligados a buscar una lista de consenso, porque la disputa p\u00fablica que se est\u00e1 dando entre Kicillof y el sector conducido por M\u00e1ximo Kirchner no nos deja en un buen lugar\u201d, reconoci\u00f3 la referente bonaerense.<\/p>\n\n\n\n<p>Sobre las reglas para definir la nueva conducci\u00f3n del PJ provincial, Tolosa Paz se\u00f1al\u00f3 que \u201cel partido tiene un formato claro\u201d.<\/p>\n\n\n\n<p>\u201cCuando no hay acuerdo en la conducci\u00f3n del PJ, la salida es la herramienta de participaci\u00f3n pol\u00edtica que es la discusi\u00f3n. Pero esa discusi\u00f3n debe servir para pensar qu\u00e9 provincia queremos y qu\u00e9 proyecto de pa\u00eds queremos\u201d, afirm\u00f3.<\/p>\n\n\n\n<p>Por otra parte, Tolosa Paz despotric\u00f3 contra el actual secretario de Turismo, Ambiente y Deportes, Daniel Scioli, quien despu\u00e9s de pasar una vida vinculado al peronismo salt\u00f3 sin escalas al gobierno libertario de Javier Milei.<\/p>\n\n\n\n<p>\u201cMe dio mucha verg\u00fcenza que un tipo al que el peronismo le dio todo termine en La Libertad Avanza\u201d. \u201cScioli fue vicepresidente de N\u00e9stor Kirchner, dos veces gobernador de Buenos Aires y candidato a presidente por el peronismo. Le tiene que pedir perd\u00f3n a Per\u00f3n, a Evita, a N\u00e9stor, a Cristina y al pueblo que lo vot\u00f3\u201d, consider\u00f3.<\/p>\n","protected":false},"excerpt":{"rendered":"<p>La diputada nacional de Uni\u00f3n por la Patria Victoria breg\u00f3 por una lista de unidad para la renovaci\u00f3n de autoridades<\/p>\n","protected":false},"author":14,"featured_media":78362,"comment_status":"closed","ping_status":"","sticky":false,"template":"","format":"standard","meta":{"colormag_page_container_layout":"default_layout","colormag_page_sidebar_layout":"default_layout","footnotes":""},"categories":[17,8],"tags":[],"class_list":["post-78361","post","type-post","status-publish","format-standard","has-post-thumbnail","hentry","category-destacadas","category-politica"],"_links":{"self":[{"href":"https:\/\/sectorprensa.com.ar\/index.php?rest_route=\/wp\/v2\/posts\/78361","targetHints":{"allow":["GET"]}}],"collection":[{"href":"https:\/\/sectorprensa.com.ar\/index.php?rest_route=\/wp\/v2\/posts"}],"about":[{"href":"https:\/\/sectorprensa.com.ar\/index.php?rest_route=\/wp\/v2\/types\/post"}],"author":[{"embeddable":true,"href":"https:\/\/sectorprensa.com.ar\/index.php?rest_route=\/wp\/v2\/users\/14"}],"replies":[{"embeddable":true,"href":"https:\/\/sectorprensa.com.ar\/index.php?rest_route=%2Fwp%2Fv2%2Fcomments&post=78361"}],"version-history":[{"count":1,"href":"https:\/\/sectorprensa.com.ar\/index.php?rest_route=\/wp\/v2\/posts\/78361\/revisions"}],"predecessor-version":[{"id":78363,"href":"https:\/\/sectorprensa.com.ar\/index.php?rest_route=\/wp\/v2\/posts\/78361\/revisions\/78363"}],"wp:featuredmedia":[{"embeddable":true,"href":"https:\/\/sectorprensa.com.ar\/index.php?rest_route=\/wp\/v2\/media\/78362"}],"wp:attachment":[{"href":"https:\/\/sectorprensa.com.ar\/index.php?rest_route=%2Fwp%2Fv2%2Fmedia&parent=78361"}],"wp:term":[{"taxonomy":"category","embeddable":true,"href":"https:\/\/sectorprensa.com.ar\/index.php?rest_route=%2Fwp%2Fv2%2Fcategories&post=78361"},{"taxonomy":"post_tag","embeddable":true,"href":"https:\/\/sectorprensa.com.ar\/index.php?rest_route=%2Fwp%2Fv2%2Ftags&post=78361"}],"curies":[{"name":"wp","href":"https:\/\/api.w.org\/{rel}","templated":true}]}}