{"id":78374,"date":"2026-01-27T12:08:09","date_gmt":"2026-01-27T15:08:09","guid":{"rendered":"https:\/\/sectorprensa.com.ar\/?p=78374"},"modified":"2026-01-27T12:45:46","modified_gmt":"2026-01-27T15:45:46","slug":"mariel-fernandez-recorrio-las-colonias-municipales-de-verano","status":"publish","type":"post","link":"https:\/\/sectorprensa.com.ar\/?p=78374","title":{"rendered":"Moreno: Mariel Fern\u00e1ndez recorri\u00f3 las Colonias Municipales de Verano"},"content":{"rendered":"\n<p><strong>Las actividades se desarrollan de manera libre y gratuita en seis sedes del distrito.<\/strong><\/p>\n\n\n\n<p>La intendenta de Moreno, Mariel Fern\u00e1ndez, visit\u00f3 y recorri\u00f3 las Colonias de Verano destinadas a ni\u00f1as y ni\u00f1os, adultas y adultos mayores, personas con discapacidad y promotoras territoriales de g\u00e9nero \u201cMicaela Garc\u00eda\u201d, que se desarrollan de forma libre y gratuita en distintas sedes del distrito.<\/p>\n\n\n\n<p>Las propuestas culturales, deportivas y recreativas funcionan en la Reserva Natural Municipal Los Robles, el Club Defensores de Moreno, el Sindicato del Viajante y los Polideportivos Catonas, Paso del Rey y Diego Armando Maradona (DAM) en Cuartel V, donde se garantiza el acceso a espacios de recreaci\u00f3n y encuentro para la comunidad. Las y los participantes disfrutan de la pileta y tambi\u00e9n de la nueva pileta con olas en el DAM.<\/p>\n\n\n\n<p>Las Colonias de Verano se realizan en entornos seguros y de calidad y las actividades est\u00e1n supervisadas por profesoras y profesores especializados, con asistencia permanente de equipos de salud y Guardavidas.<\/p>\n\n\n\n<figure class=\"wp-block-image size-full\"><img loading=\"lazy\" decoding=\"async\" width=\"867\" height=\"465\" src=\"https:\/\/sectorprensa.com.ar\/wp-content\/uploads\/2026\/01\/Captura-de-pantalla-2026-01-27-120752.png\" alt=\"\" class=\"wp-image-78376\" srcset=\"https:\/\/sectorprensa.com.ar\/wp-content\/uploads\/2026\/01\/Captura-de-pantalla-2026-01-27-120752.png 867w, https:\/\/sectorprensa.com.ar\/wp-content\/uploads\/2026\/01\/Captura-de-pantalla-2026-01-27-120752-300x161.png 300w, https:\/\/sectorprensa.com.ar\/wp-content\/uploads\/2026\/01\/Captura-de-pantalla-2026-01-27-120752-768x412.png 768w\" sizes=\"auto, (max-width: 867px) 100vw, 867px\" \/><\/figure>\n","protected":false},"excerpt":{"rendered":"<p>Las actividades se desarrollan de manera libre y gratuita en seis sedes del distrito. La intendenta de Moreno, Mariel Fern\u00e1ndez,<\/p>\n","protected":false},"author":14,"featured_media":78375,"comment_status":"closed","ping_status":"","sticky":false,"template":"","format":"standard","meta":{"colormag_page_container_layout":"default_layout","colormag_page_sidebar_layout":"default_layout","footnotes":""},"categories":[17,2154,1173,8,10],"tags":[],"class_list":["post-78374","post","type-post","status-publish","format-standard","has-post-thumbnail","hentry","category-destacadas","category-moreno","category-municipales","category-politica","category-sociedad"],"_links":{"self":[{"href":"https:\/\/sectorprensa.com.ar\/index.php?rest_route=\/wp\/v2\/posts\/78374","targetHints":{"allow":["GET"]}}],"collection":[{"href":"https:\/\/sectorprensa.com.ar\/index.php?rest_route=\/wp\/v2\/posts"}],"about":[{"href":"https:\/\/sectorprensa.com.ar\/index.php?rest_route=\/wp\/v2\/types\/post"}],"author":[{"embeddable":true,"href":"https:\/\/sectorprensa.com.ar\/index.php?rest_route=\/wp\/v2\/users\/14"}],"replies":[{"embeddable":true,"href":"https:\/\/sectorprensa.com.ar\/index.php?rest_route=%2Fwp%2Fv2%2Fcomments&post=78374"}],"version-history":[{"count":2,"href":"https:\/\/sectorprensa.com.ar\/index.php?rest_route=\/wp\/v2\/posts\/78374\/revisions"}],"predecessor-version":[{"id":78381,"href":"https:\/\/sectorprensa.com.ar\/index.php?rest_route=\/wp\/v2\/posts\/78374\/revisions\/78381"}],"wp:featuredmedia":[{"embeddable":true,"href":"https:\/\/sectorprensa.com.ar\/index.php?rest_route=\/wp\/v2\/media\/78375"}],"wp:attachment":[{"href":"https:\/\/sectorprensa.com.ar\/index.php?rest_route=%2Fwp%2Fv2%2Fmedia&parent=78374"}],"wp:term":[{"taxonomy":"category","embeddable":true,"href":"https:\/\/sectorprensa.com.ar\/index.php?rest_route=%2Fwp%2Fv2%2Fcategories&post=78374"},{"taxonomy":"post_tag","embeddable":true,"href":"https:\/\/sectorprensa.com.ar\/index.php?rest_route=%2Fwp%2Fv2%2Ftags&post=78374"}],"curies":[{"name":"wp","href":"https:\/\/api.w.org\/{rel}","templated":true}]}}