{"id":78378,"date":"2026-01-27T12:14:48","date_gmt":"2026-01-27T15:14:48","guid":{"rendered":"https:\/\/sectorprensa.com.ar\/?p=78378"},"modified":"2026-01-27T12:14:48","modified_gmt":"2026-01-27T15:14:48","slug":"milei-en-mar-del-plata-vamos-a-tener-leyes-de-paises-razonables","status":"publish","type":"post","link":"https:\/\/sectorprensa.com.ar\/?p=78378","title":{"rendered":"Milei en Mar del Plata: \u201cVamos a tener leyes de pa\u00edses razonables\u201d"},"content":{"rendered":"\n<p><strong>Encabez\u00f3 el denominado Tour de la Gratitud. Recorri\u00f3 calles del centro de la ciudad balnearia rodeado de una multitud y habl\u00f3 con un meg\u00e1fono: \u201cTodas las promesas que hice en campa\u00f1a van a estar cumplidas antes de mitad de a\u00f1o\u201d.<\/strong><\/p>\n\n\n\n<p>El presidente Javier Milei recorri\u00f3 este lunes las calles de Mar del Plata y retom\u00f3 el contacto directo con sus seguidores al encabezar una nueva parada del denominado \u201cTour de la Gratitud\u201d, una recorrida federal con la que agradece el respaldo recibido en las \u00faltimas elecciones.<\/p>\n\n\n\n<p>Minutos despu\u00e9s de las 20 arrib\u00f3 al hotel c\u00e9ntrico donde se aloja y, cerca de las 21.27, comenz\u00f3 a caminar por la zona de Avellaneda y G\u00fcemes, rodeado por una multitud de simpatizantes.<\/p>\n\n\n\n<p>\u201cDentro de poco vamos a tener leyes de pa\u00edses razonables\u201d, dijo el Presidente. Destac\u00f3 la Ley de Glaciares y la reforma laboral y confirm\u00f3 que enviar\u00e1n la modificaci\u00f3n de la Ley Penal Juvenil. \u201cTodas las promesas que hice en campa\u00f1a van a estar cumplidas antes de mitad de a\u00f1o\u201d, sentenci\u00f3.<\/p>\n\n\n\n<p><strong>La recorrida por Mar del Plata<\/strong><\/p>\n\n\n\n<p>En la recorrida, el l\u00edder libertario se movi\u00f3 en medio de una multitud de simpatizantes que se acerc\u00f3 para expresarle afecto. Fue acompa\u00f1ado por su hermana, Karina Milei, el ministro del Interior, Diego Santilli, el armador pol\u00edtico y actual diputado bonaerense, Sebasti\u00e1n Pareja, entre otros colaboradores.<\/p>\n\n\n\n<p>El mandatario avanz\u00f3 entre c\u00e1nticos y muestras de apoyo, aunque tambi\u00e9n se registraron reclamos aislados de vecinos. \u201cMilei, querido, el pueblo est\u00e1 contigo\u201d, fue una de las consignas que se repitieron durante la recorrida.<\/p>\n\n\n\n<p>La visita se produce tras su regreso del Foro Econ\u00f3mico Mundial de Davos, donde comparti\u00f3 agenda con l\u00edderes internacionales y empresarios, y marca el inicio de una serie de actividades pol\u00edticas en la antesala de las sesiones extraordinarias del Congreso, previstas para el 2 de febrero.<\/p>\n\n\n\n<p><strong>Actividades en la playa y Derecha fest<\/strong><\/p>\n\n\n\n<p>Se confirm\u00f3 que en las pr\u00f3ximas horas el Presidente participar\u00e1 de actividades en la playa. Adem\u00e1s, Milei encabezar\u00e1 una nueva edici\u00f3n \u201cLa Derecha Fest\u201d, un encuentro en el balneario Horizonte que contar\u00e1 con dirigentes y referentes afines al oficialismo.<\/p>\n\n\n\n<p>La jornada se desarrollar\u00e1 desde las 19.30 en el balneario Horizonte, donde Milei ser\u00e1 la principal atracci\u00f3n ante un p\u00fablico af\u00edn. El programa contempla la presencia de oradores como Guillermo Montenegro, el pastor evangelista Gabriel Ballerini, la referente provida Patricia Soprano, el escritor y bi\u00f3grafo Nicol\u00e1s M\u00e1rquez y Agust\u00edn Laje, director ejecutivo de la Fundaci\u00f3n Faro. La conducci\u00f3n estar\u00e1 a cargo de los diputados nacionales Lilia Lemoine y Sergio \u201cTronco\u201d Figliuolo.<\/p>\n\n\n\n<p>El l\u00edder libertario tambi\u00e9n tendr\u00e1 tiempo para ir a ver la obra de su ex pareja, F\u00e1tima Fl\u00f3rez.<\/p>\n","protected":false},"excerpt":{"rendered":"<p>Encabez\u00f3 el denominado Tour de la Gratitud. Recorri\u00f3 calles del centro de la ciudad balnearia rodeado de una multitud y<\/p>\n","protected":false},"author":14,"featured_media":78379,"comment_status":"closed","ping_status":"","sticky":false,"template":"","format":"standard","meta":{"colormag_page_container_layout":"default_layout","colormag_page_sidebar_layout":"default_layout","footnotes":""},"categories":[17,8],"tags":[],"class_list":["post-78378","post","type-post","status-publish","format-standard","has-post-thumbnail","hentry","category-destacadas","category-politica"],"_links":{"self":[{"href":"https:\/\/sectorprensa.com.ar\/index.php?rest_route=\/wp\/v2\/posts\/78378","targetHints":{"allow":["GET"]}}],"collection":[{"href":"https:\/\/sectorprensa.com.ar\/index.php?rest_route=\/wp\/v2\/posts"}],"about":[{"href":"https:\/\/sectorprensa.com.ar\/index.php?rest_route=\/wp\/v2\/types\/post"}],"author":[{"embeddable":true,"href":"https:\/\/sectorprensa.com.ar\/index.php?rest_route=\/wp\/v2\/users\/14"}],"replies":[{"embeddable":true,"href":"https:\/\/sectorprensa.com.ar\/index.php?rest_route=%2Fwp%2Fv2%2Fcomments&post=78378"}],"version-history":[{"count":1,"href":"https:\/\/sectorprensa.com.ar\/index.php?rest_route=\/wp\/v2\/posts\/78378\/revisions"}],"predecessor-version":[{"id":78380,"href":"https:\/\/sectorprensa.com.ar\/index.php?rest_route=\/wp\/v2\/posts\/78378\/revisions\/78380"}],"wp:featuredmedia":[{"embeddable":true,"href":"https:\/\/sectorprensa.com.ar\/index.php?rest_route=\/wp\/v2\/media\/78379"}],"wp:attachment":[{"href":"https:\/\/sectorprensa.com.ar\/index.php?rest_route=%2Fwp%2Fv2%2Fmedia&parent=78378"}],"wp:term":[{"taxonomy":"category","embeddable":true,"href":"https:\/\/sectorprensa.com.ar\/index.php?rest_route=%2Fwp%2Fv2%2Fcategories&post=78378"},{"taxonomy":"post_tag","embeddable":true,"href":"https:\/\/sectorprensa.com.ar\/index.php?rest_route=%2Fwp%2Fv2%2Ftags&post=78378"}],"curies":[{"name":"wp","href":"https:\/\/api.w.org\/{rel}","templated":true}]}}