{"id":78838,"date":"2026-02-15T14:28:56","date_gmt":"2026-02-15T17:28:56","guid":{"rendered":"https:\/\/sectorprensa.com.ar\/?p=78838"},"modified":"2026-02-15T14:28:56","modified_gmt":"2026-02-15T17:28:56","slug":"la-cgt-podria-realizar-un-paro-cuando-se-trate-la-reforma-laboral-en-diputados","status":"publish","type":"post","link":"https:\/\/sectorprensa.com.ar\/?p=78838","title":{"rendered":"La CGT podr\u00eda realizar un paro cuando se trate la reforma laboral en Diputados"},"content":{"rendered":"\n<h6 class=\"wp-block-heading\"><strong>Este lunes mantendr\u00e1n una reuni\u00f3n y podr\u00eda convocarse a una huelga de 24 horas. El oficialismo cuenta con tiempo hasta el 28 de febrero para tratar el proyecto en la C\u00e1mara de Diputados.<\/strong><\/h6>\n\n\n\n<p>Con el proyecto de reforma laboral aprobado en el Senado, y puntos que generaron disconformidad en distintos sectores, la CGT amenaza con un paro el d\u00eda en que se trate en Diputados. Para este lunes, se llam\u00f3 a un Convenio Directivo y se evaluar\u00e1 tomar la medida por 24 horas.<\/p>\n\n\n\n<p>El encuentro que planifica la central obrera para el inicio de la semana, se llevar\u00e1 a cabo de forma virtual a las 16hs. Vale aclarar, el gobierno nacional cuenta con tiempo hasta el 28 de febrero para tratar la normativa en la C\u00e1mara Baja.<\/p>\n\n\n\n<p>Si bien desde la CGT no hab\u00eda un convencimiento de paro general, la intenci\u00f3n se modific\u00f3 al conocerse que era la idea que ten\u00edan los sectores sindicalistas y gremiales.<\/p>\n\n\n\n<figure class=\"wp-block-embed is-type-wp-embed is-provider-sector-prensa wp-block-embed-sector-prensa\"><div class=\"wp-block-embed__wrapper\">\n<blockquote class=\"wp-embedded-content\" data-secret=\"uTcWEbhvSa\"><a href=\"https:\/\/sectorprensa.com.ar\/?p=78818\">La FEB anunci\u00f3 un paro docente que afectar\u00e1 el inicio de clases en la Provincia<\/a><\/blockquote><iframe loading=\"lazy\" class=\"wp-embedded-content\" sandbox=\"allow-scripts\" security=\"restricted\" style=\"position: absolute; visibility: hidden;\" title=\"\u00abLa FEB anunci\u00f3 un paro docente que afectar\u00e1 el inicio de clases en la Provincia\u00bb \u2014 Sector Prensa\" src=\"https:\/\/sectorprensa.com.ar\/?p=78818&#038;embed=true#?secret=fy0jHOTi1Z#?secret=uTcWEbhvSa\" data-secret=\"uTcWEbhvSa\" width=\"600\" height=\"338\" frameborder=\"0\" marginwidth=\"0\" marginheight=\"0\" scrolling=\"no\"><\/iframe>\n<\/div><\/figure>\n","protected":false},"excerpt":{"rendered":"<p>Este lunes mantendr\u00e1n una reuni\u00f3n y podr\u00eda convocarse a una huelga de 24 horas. El oficialismo cuenta con tiempo hasta<\/p>\n","protected":false},"author":13,"featured_media":78839,"comment_status":"closed","ping_status":"","sticky":false,"template":"","format":"standard","meta":{"colormag_page_container_layout":"default_layout","colormag_page_sidebar_layout":"default_layout","footnotes":""},"categories":[6828,8],"tags":[110,9612],"class_list":["post-78838","post","type-post","status-publish","format-standard","has-post-thumbnail","hentry","category-mas-destacadas","category-politica","tag-cgt","tag-reforma-laboral"],"_links":{"self":[{"href":"https:\/\/sectorprensa.com.ar\/index.php?rest_route=\/wp\/v2\/posts\/78838","targetHints":{"allow":["GET"]}}],"collection":[{"href":"https:\/\/sectorprensa.com.ar\/index.php?rest_route=\/wp\/v2\/posts"}],"about":[{"href":"https:\/\/sectorprensa.com.ar\/index.php?rest_route=\/wp\/v2\/types\/post"}],"author":[{"embeddable":true,"href":"https:\/\/sectorprensa.com.ar\/index.php?rest_route=\/wp\/v2\/users\/13"}],"replies":[{"embeddable":true,"href":"https:\/\/sectorprensa.com.ar\/index.php?rest_route=%2Fwp%2Fv2%2Fcomments&post=78838"}],"version-history":[{"count":1,"href":"https:\/\/sectorprensa.com.ar\/index.php?rest_route=\/wp\/v2\/posts\/78838\/revisions"}],"predecessor-version":[{"id":78840,"href":"https:\/\/sectorprensa.com.ar\/index.php?rest_route=\/wp\/v2\/posts\/78838\/revisions\/78840"}],"wp:featuredmedia":[{"embeddable":true,"href":"https:\/\/sectorprensa.com.ar\/index.php?rest_route=\/wp\/v2\/media\/78839"}],"wp:attachment":[{"href":"https:\/\/sectorprensa.com.ar\/index.php?rest_route=%2Fwp%2Fv2%2Fmedia&parent=78838"}],"wp:term":[{"taxonomy":"category","embeddable":true,"href":"https:\/\/sectorprensa.com.ar\/index.php?rest_route=%2Fwp%2Fv2%2Fcategories&post=78838"},{"taxonomy":"post_tag","embeddable":true,"href":"https:\/\/sectorprensa.com.ar\/index.php?rest_route=%2Fwp%2Fv2%2Ftags&post=78838"}],"curies":[{"name":"wp","href":"https:\/\/api.w.org\/{rel}","templated":true}]}}