{"id":78854,"date":"2026-02-16T14:43:58","date_gmt":"2026-02-16T17:43:58","guid":{"rendered":"https:\/\/sectorprensa.com.ar\/?p=78854"},"modified":"2026-02-16T14:43:58","modified_gmt":"2026-02-16T17:43:58","slug":"la-cgt-confirmo-un-paro-general-para-cuando-se-trate-la-reforma-laboral-en-diputados","status":"publish","type":"post","link":"https:\/\/sectorprensa.com.ar\/?p=78854","title":{"rendered":"La CGT confirm\u00f3 un paro general para cuando se trate la reforma laboral en Diputados"},"content":{"rendered":"\n<h6 class=\"wp-block-heading\"><strong>Se defini\u00f3 luego del encuentro virtual que se llev\u00f3 pasado el mediod\u00eda. La medida de fuerza ser\u00e1 sin movilizaci\u00f3n.<\/strong><\/h6>\n\n\n\n<p>Luego de la reuni\u00f3n virtual de este lunes entre los cotitulares Octavio Arg\u00fcello, Jorge Sola y Cristian Jer\u00f3nimo, se confirm\u00f3 el paro general de la CGT que tendr\u00e1 lugar el d\u00eda en que se trate la reforma laboral en la C\u00e1mara de Diputados, podr\u00eda ser el 19 de febrero.<\/p>\n\n\n\n<p>La medida de fuerza no incluir\u00e1 movilizaci\u00f3n, aunque los manifestantes tendr\u00e1n \u00ablibertad de acci\u00f3n\u00bb. As\u00ed se defini\u00f3 en el encuentro por Zoom que organiz\u00f3 la central obrera y que culmin\u00f3 antes de las 14hs.<\/p>\n\n\n\n<p>El mi\u00e9rcoles a las 11 de la ma\u00f1ana, en la sede de Azopardo, se llevar\u00e1 a cabo una conferencia de prensa donde explicar\u00e1n c\u00f3mo se desarrollar\u00e1 la jornada.<\/p>\n\n\n\n<figure class=\"wp-block-embed is-type-wp-embed is-provider-sector-prensa wp-block-embed-sector-prensa\"><div class=\"wp-block-embed__wrapper\">\n<blockquote class=\"wp-embedded-content\" data-secret=\"YDOh3NdGjy\"><a href=\"https:\/\/sectorprensa.com.ar\/?p=78851\">Esc\u00e1ndalo en canciller\u00eda: adjudicaron m\u00e1s de 100 millones de pesos a una asociaci\u00f3n que lidera la esposa de Sturzenegger<\/a><\/blockquote><iframe loading=\"lazy\" class=\"wp-embedded-content\" sandbox=\"allow-scripts\" security=\"restricted\" style=\"position: absolute; visibility: hidden;\" title=\"\u00abEsc\u00e1ndalo en canciller\u00eda: adjudicaron m\u00e1s de 100 millones de pesos a una asociaci\u00f3n que lidera la esposa de Sturzenegger\u00bb \u2014 Sector Prensa\" src=\"https:\/\/sectorprensa.com.ar\/?p=78851&#038;embed=true#?secret=p5F2QFVwNo#?secret=YDOh3NdGjy\" data-secret=\"YDOh3NdGjy\" width=\"600\" height=\"338\" frameborder=\"0\" marginwidth=\"0\" marginheight=\"0\" scrolling=\"no\"><\/iframe>\n<\/div><\/figure>\n","protected":false},"excerpt":{"rendered":"<p>Se defini\u00f3 luego del encuentro virtual que se llev\u00f3 pasado el mediod\u00eda. La medida de fuerza ser\u00e1 sin movilizaci\u00f3n. Luego<\/p>\n","protected":false},"author":13,"featured_media":78855,"comment_status":"closed","ping_status":"","sticky":false,"template":"","format":"standard","meta":{"colormag_page_container_layout":"default_layout","colormag_page_sidebar_layout":"default_layout","footnotes":""},"categories":[6828,8],"tags":[110,9612],"class_list":["post-78854","post","type-post","status-publish","format-standard","has-post-thumbnail","hentry","category-mas-destacadas","category-politica","tag-cgt","tag-reforma-laboral"],"_links":{"self":[{"href":"https:\/\/sectorprensa.com.ar\/index.php?rest_route=\/wp\/v2\/posts\/78854","targetHints":{"allow":["GET"]}}],"collection":[{"href":"https:\/\/sectorprensa.com.ar\/index.php?rest_route=\/wp\/v2\/posts"}],"about":[{"href":"https:\/\/sectorprensa.com.ar\/index.php?rest_route=\/wp\/v2\/types\/post"}],"author":[{"embeddable":true,"href":"https:\/\/sectorprensa.com.ar\/index.php?rest_route=\/wp\/v2\/users\/13"}],"replies":[{"embeddable":true,"href":"https:\/\/sectorprensa.com.ar\/index.php?rest_route=%2Fwp%2Fv2%2Fcomments&post=78854"}],"version-history":[{"count":1,"href":"https:\/\/sectorprensa.com.ar\/index.php?rest_route=\/wp\/v2\/posts\/78854\/revisions"}],"predecessor-version":[{"id":78856,"href":"https:\/\/sectorprensa.com.ar\/index.php?rest_route=\/wp\/v2\/posts\/78854\/revisions\/78856"}],"wp:featuredmedia":[{"embeddable":true,"href":"https:\/\/sectorprensa.com.ar\/index.php?rest_route=\/wp\/v2\/media\/78855"}],"wp:attachment":[{"href":"https:\/\/sectorprensa.com.ar\/index.php?rest_route=%2Fwp%2Fv2%2Fmedia&parent=78854"}],"wp:term":[{"taxonomy":"category","embeddable":true,"href":"https:\/\/sectorprensa.com.ar\/index.php?rest_route=%2Fwp%2Fv2%2Fcategories&post=78854"},{"taxonomy":"post_tag","embeddable":true,"href":"https:\/\/sectorprensa.com.ar\/index.php?rest_route=%2Fwp%2Fv2%2Ftags&post=78854"}],"curies":[{"name":"wp","href":"https:\/\/api.w.org\/{rel}","templated":true}]}}