{"id":78905,"date":"2026-02-18T12:01:42","date_gmt":"2026-02-18T15:01:42","guid":{"rendered":"https:\/\/sectorprensa.com.ar\/?p=78905"},"modified":"2026-02-18T12:01:42","modified_gmt":"2026-02-18T15:01:42","slug":"fate-anuncio-el-cierre-definitivo-de-su-planta-en-san-fernando-y-despedira-a-920-trabajadores","status":"publish","type":"post","link":"https:\/\/sectorprensa.com.ar\/?p=78905","title":{"rendered":"Fate anunci\u00f3 el cierre definitivo de su planta en San Fernando y despedir\u00e1 a 920 trabajadores"},"content":{"rendered":"\n<p><strong>La hist\u00f3rica fabricante argentina de neum\u00e1ticos cesar\u00e1 sus operaciones tras m\u00e1s de 80 a\u00f1os de actividad. La empresa inform\u00f3 que liquidar\u00e1 el negocio y abonar\u00e1 indemnizaciones y compromisos pendientes, en un contexto que calific\u00f3 como inviable para la producci\u00f3n local.<\/strong><\/p>\n\n\n\n<p>La empresa Fate comunic\u00f3 este mi\u00e9rcoles el cierre total de sus operaciones en la Argentina y la clausura de su planta ubicada en Virreyes, partido de San Fernando. La decisi\u00f3n implica el despido de 920 empleados y la finalizaci\u00f3n definitiva de la actividad industrial de la compa\u00f1\u00eda, que contaba con m\u00e1s de ocho d\u00e9cadas de trayectoria en el pa\u00eds.<\/p>\n\n\n\n<p>A diferencia de situaciones anteriores atravesadas por la firma, esta vez no se trata de una reestructuraci\u00f3n judicial ni de un concurso preventivo, sino de la liquidaci\u00f3n completa del negocio. Desde la compa\u00f1\u00eda se\u00f1alaron que se cumplir\u00e1n las indemnizaciones correspondientes y se cancelar\u00e1n las obligaciones con proveedores y entidades financieras.<\/p>\n\n\n\n<p>En un comunicado oficial, el directorio explic\u00f3 que el contexto econ\u00f3mico oblig\u00f3 a replantear el futuro de la empresa, que supo ser referente en la producci\u00f3n de neum\u00e1ticos radiales y mantener un perfil exportador. Sin embargo, ya en 2024 hab\u00eda advertido sobre una p\u00e9rdida de competitividad que consideraba irreversible.<\/p>\n\n\n\n<p>Entre las razones expuestas para justificar la medida, la firma enumer\u00f3 \u201casimetr\u00edas escandalosas en el comercio exterior frente a productos importados; abusiva sobrecarga impositiva y restricciones cambiarias; elevada conflictividad gremial y baja productividad laboral y un sector en crisis\u201d. Adem\u00e1s, apunt\u00f3 al impacto de la creciente presencia de cubiertas importadas, especialmente de origen chino.<\/p>\n\n\n\n<p>El cierre deja abierto el interrogante sobre el futuro del predio industrial de 40 hect\u00e1reas en San Fernando, que ten\u00eda capacidad para fabricar hasta cinco millones de neum\u00e1ticos por a\u00f1o. Allegados a la conducci\u00f3n se\u00f1alaron que la decisi\u00f3n fue tomada con pesar, en lo que definieron como el final de una etapa hist\u00f3rica para la industria nacional.<\/p>\n","protected":false},"excerpt":{"rendered":"<p>La hist\u00f3rica fabricante argentina de neum\u00e1ticos cesar\u00e1 sus operaciones tras m\u00e1s de 80 a\u00f1os de actividad. La empresa inform\u00f3 que<\/p>\n","protected":false},"author":14,"featured_media":78906,"comment_status":"closed","ping_status":"","sticky":false,"template":"","format":"standard","meta":{"colormag_page_container_layout":"default_layout","colormag_page_sidebar_layout":"default_layout","footnotes":""},"categories":[17,8,18,10],"tags":[],"class_list":["post-78905","post","type-post","status-publish","format-standard","has-post-thumbnail","hentry","category-destacadas","category-politica","category-provincia","category-sociedad"],"_links":{"self":[{"href":"https:\/\/sectorprensa.com.ar\/index.php?rest_route=\/wp\/v2\/posts\/78905","targetHints":{"allow":["GET"]}}],"collection":[{"href":"https:\/\/sectorprensa.com.ar\/index.php?rest_route=\/wp\/v2\/posts"}],"about":[{"href":"https:\/\/sectorprensa.com.ar\/index.php?rest_route=\/wp\/v2\/types\/post"}],"author":[{"embeddable":true,"href":"https:\/\/sectorprensa.com.ar\/index.php?rest_route=\/wp\/v2\/users\/14"}],"replies":[{"embeddable":true,"href":"https:\/\/sectorprensa.com.ar\/index.php?rest_route=%2Fwp%2Fv2%2Fcomments&post=78905"}],"version-history":[{"count":1,"href":"https:\/\/sectorprensa.com.ar\/index.php?rest_route=\/wp\/v2\/posts\/78905\/revisions"}],"predecessor-version":[{"id":78907,"href":"https:\/\/sectorprensa.com.ar\/index.php?rest_route=\/wp\/v2\/posts\/78905\/revisions\/78907"}],"wp:featuredmedia":[{"embeddable":true,"href":"https:\/\/sectorprensa.com.ar\/index.php?rest_route=\/wp\/v2\/media\/78906"}],"wp:attachment":[{"href":"https:\/\/sectorprensa.com.ar\/index.php?rest_route=%2Fwp%2Fv2%2Fmedia&parent=78905"}],"wp:term":[{"taxonomy":"category","embeddable":true,"href":"https:\/\/sectorprensa.com.ar\/index.php?rest_route=%2Fwp%2Fv2%2Fcategories&post=78905"},{"taxonomy":"post_tag","embeddable":true,"href":"https:\/\/sectorprensa.com.ar\/index.php?rest_route=%2Fwp%2Fv2%2Ftags&post=78905"}],"curies":[{"name":"wp","href":"https:\/\/api.w.org\/{rel}","templated":true}]}}