{"id":78911,"date":"2026-02-18T16:09:56","date_gmt":"2026-02-18T19:09:56","guid":{"rendered":"https:\/\/sectorprensa.com.ar\/?p=78911"},"modified":"2026-02-18T16:09:56","modified_gmt":"2026-02-18T19:09:56","slug":"el-gobierno-presento-un-recurso-extraordinario-para-que-cristina-no-perciba-la-pension-por-viudez","status":"publish","type":"post","link":"https:\/\/sectorprensa.com.ar\/?p=78911","title":{"rendered":"El gobierno present\u00f3 un recurso extraordinario para que Cristina no perciba la pensi\u00f3n por viudez"},"content":{"rendered":"\n<h6 class=\"wp-block-heading\"><strong>El Ministerio de Capital Humano apel\u00f3 a la decisi\u00f3n que tom\u00f3 de la Sala III de la C\u00e1mara Federal de la Seguridad Social, que hab\u00eda solicitado que se le restableciera la asignaci\u00f3n.<\/strong><\/h6>\n\n\n\n<p>El gobierno nacional busca quitar la pensi\u00f3n por viudez a Cristina Fern\u00e1ndez de Kirchner. A trav\u00e9s del Ministerio de Capital Humano, present\u00f3 este mi\u00e9rcoles en ANSES un recurso extraordinario para que no perciba el beneficio, el cual le fue restablecido por la Sala III de la C\u00e1mara Federal de la Seguridad Social.<\/p>\n\n\n\n<p>La asignaci\u00f3n vitalicia hab\u00eda sido interrumpida luego de que la ex Presidenta fuera condenada a seis a\u00f1os de prisi\u00f3n por la causa vialidad. Sin embargo, el fallo mencionado permiti\u00f3 la restituci\u00f3n de la misma.<\/p>\n\n\n\n<p>\u00abLa decisi\u00f3n recurrida afecta el principio de legalidad y altera el alcance de disposiciones expresas del ordenamiento jur\u00eddico, motivo por el cual resulta necesaria la revisi\u00f3n del pronunciamiento en la instancia extraordinaria\u00bb, dice el comunicado del \u00e1rea que encabeza Sandra Pettovello.<\/p>\n\n\n\n<figure class=\"wp-block-embed is-type-wp-embed is-provider-sector-prensa wp-block-embed-sector-prensa\"><div class=\"wp-block-embed__wrapper\">\n<blockquote class=\"wp-embedded-content\" data-secret=\"JpubcjrlZS\"><a href=\"https:\/\/sectorprensa.com.ar\/?p=78889\">Con la intervenci\u00f3n de Kicillof y Kreplak, Samid ser\u00e1 trasladado a la Argentina<\/a><\/blockquote><iframe loading=\"lazy\" class=\"wp-embedded-content\" sandbox=\"allow-scripts\" security=\"restricted\" style=\"position: absolute; visibility: hidden;\" title=\"\u00abCon la intervenci\u00f3n de Kicillof y Kreplak, Samid ser\u00e1 trasladado a la Argentina\u00bb \u2014 Sector Prensa\" src=\"https:\/\/sectorprensa.com.ar\/?p=78889&#038;embed=true#?secret=uorVhXOErK#?secret=JpubcjrlZS\" data-secret=\"JpubcjrlZS\" width=\"600\" height=\"338\" frameborder=\"0\" marginwidth=\"0\" marginheight=\"0\" scrolling=\"no\"><\/iframe>\n<\/div><\/figure>\n","protected":false},"excerpt":{"rendered":"<p>El Ministerio de Capital Humano apel\u00f3 a la decisi\u00f3n que tom\u00f3 de la Sala III de la C\u00e1mara Federal de<\/p>\n","protected":false},"author":13,"featured_media":78913,"comment_status":"closed","ping_status":"","sticky":false,"template":"","format":"standard","meta":{"colormag_page_container_layout":"default_layout","colormag_page_sidebar_layout":"default_layout","footnotes":""},"categories":[17,8],"tags":[6851,4091,7394],"class_list":["post-78911","post","type-post","status-publish","format-standard","has-post-thumbnail","hentry","category-destacadas","category-politica","tag-cristina-fernandez-de-kirchner-2","tag-gobierno-nacional","tag-la-libertad-avanza"],"_links":{"self":[{"href":"https:\/\/sectorprensa.com.ar\/index.php?rest_route=\/wp\/v2\/posts\/78911","targetHints":{"allow":["GET"]}}],"collection":[{"href":"https:\/\/sectorprensa.com.ar\/index.php?rest_route=\/wp\/v2\/posts"}],"about":[{"href":"https:\/\/sectorprensa.com.ar\/index.php?rest_route=\/wp\/v2\/types\/post"}],"author":[{"embeddable":true,"href":"https:\/\/sectorprensa.com.ar\/index.php?rest_route=\/wp\/v2\/users\/13"}],"replies":[{"embeddable":true,"href":"https:\/\/sectorprensa.com.ar\/index.php?rest_route=%2Fwp%2Fv2%2Fcomments&post=78911"}],"version-history":[{"count":1,"href":"https:\/\/sectorprensa.com.ar\/index.php?rest_route=\/wp\/v2\/posts\/78911\/revisions"}],"predecessor-version":[{"id":78922,"href":"https:\/\/sectorprensa.com.ar\/index.php?rest_route=\/wp\/v2\/posts\/78911\/revisions\/78922"}],"wp:featuredmedia":[{"embeddable":true,"href":"https:\/\/sectorprensa.com.ar\/index.php?rest_route=\/wp\/v2\/media\/78913"}],"wp:attachment":[{"href":"https:\/\/sectorprensa.com.ar\/index.php?rest_route=%2Fwp%2Fv2%2Fmedia&parent=78911"}],"wp:term":[{"taxonomy":"category","embeddable":true,"href":"https:\/\/sectorprensa.com.ar\/index.php?rest_route=%2Fwp%2Fv2%2Fcategories&post=78911"},{"taxonomy":"post_tag","embeddable":true,"href":"https:\/\/sectorprensa.com.ar\/index.php?rest_route=%2Fwp%2Fv2%2Ftags&post=78911"}],"curies":[{"name":"wp","href":"https:\/\/api.w.org\/{rel}","templated":true}]}}