{"id":78965,"date":"2026-02-20T11:28:10","date_gmt":"2026-02-20T14:28:10","guid":{"rendered":"https:\/\/sectorprensa.com.ar\/?p=78965"},"modified":"2026-02-20T11:28:10","modified_gmt":"2026-02-20T14:28:10","slug":"moron-vuelve-a-clases-con-descuentos-en-articulos-escolares-2","status":"publish","type":"post","link":"https:\/\/sectorprensa.com.ar\/?p=78965","title":{"rendered":"Mor\u00f3n Vuelve a Clases con descuentos en art\u00edculos escolares"},"content":{"rendered":"\n<p><strong>Del lunes 23 de febrero al s\u00e1bado 7 de marzo las vecinas y vecinos podr\u00e1n acceder a cuotas sin inter\u00e9s y descuentos de hasta un 30% en \u00fatiles, indumentaria y calzado escolar en comercios del distrito.<\/strong><\/p>\n\n\n\n<p>El Municipio de Mor\u00f3n vuelve a poner en marcha una nueva edici\u00f3n de Mor\u00f3n Vuelve a Clases, el programa que ofrece descuentos de entre el 10% y el 30% en la compra de \u00fatiles escolares, indumentaria, uniformes, mochilas, calzado escolar y productos complementarios para el inicio del ciclo lectivo.<\/p>\n\n\n\n<p>\u201cCon esta iniciativa, el Estado local busca acompa\u00f1ar a las familias moronenses en el inicio del ciclo lectivo 2026, facilitando el acceso a los elementos esenciales para la vuelta a clases\u201d, remarcaron.<\/p>\n\n\n\n<p>A su vez, durante esta edici\u00f3n tambi\u00e9n habr\u00e1 promociones especiales y beneficios adicionales y cuotas sin inter\u00e9s, seg\u00fan el comercio adherido y el medio de pago utilizado.<\/p>\n\n\n\n<p>Los comercios adheridos al programa se pueden consultar en el&nbsp;<a href=\"https:\/\/www.moron.gob.ar\/moron-vuelve-a-clases-2026\/\">siguiente enlace.<\/a><\/p>\n","protected":false},"excerpt":{"rendered":"<p>Del lunes 23 de febrero al s\u00e1bado 7 de marzo las vecinas y vecinos podr\u00e1n acceder a cuotas sin inter\u00e9s<\/p>\n","protected":false},"author":14,"featured_media":78966,"comment_status":"closed","ping_status":"","sticky":false,"template":"","format":"standard","meta":{"colormag_page_container_layout":"default_layout","colormag_page_sidebar_layout":"default_layout","footnotes":""},"categories":[17,5,1173,10],"tags":[],"class_list":["post-78965","post","type-post","status-publish","format-standard","has-post-thumbnail","hentry","category-destacadas","category-moron","category-municipales","category-sociedad"],"_links":{"self":[{"href":"https:\/\/sectorprensa.com.ar\/index.php?rest_route=\/wp\/v2\/posts\/78965","targetHints":{"allow":["GET"]}}],"collection":[{"href":"https:\/\/sectorprensa.com.ar\/index.php?rest_route=\/wp\/v2\/posts"}],"about":[{"href":"https:\/\/sectorprensa.com.ar\/index.php?rest_route=\/wp\/v2\/types\/post"}],"author":[{"embeddable":true,"href":"https:\/\/sectorprensa.com.ar\/index.php?rest_route=\/wp\/v2\/users\/14"}],"replies":[{"embeddable":true,"href":"https:\/\/sectorprensa.com.ar\/index.php?rest_route=%2Fwp%2Fv2%2Fcomments&post=78965"}],"version-history":[{"count":1,"href":"https:\/\/sectorprensa.com.ar\/index.php?rest_route=\/wp\/v2\/posts\/78965\/revisions"}],"predecessor-version":[{"id":78967,"href":"https:\/\/sectorprensa.com.ar\/index.php?rest_route=\/wp\/v2\/posts\/78965\/revisions\/78967"}],"wp:featuredmedia":[{"embeddable":true,"href":"https:\/\/sectorprensa.com.ar\/index.php?rest_route=\/wp\/v2\/media\/78966"}],"wp:attachment":[{"href":"https:\/\/sectorprensa.com.ar\/index.php?rest_route=%2Fwp%2Fv2%2Fmedia&parent=78965"}],"wp:term":[{"taxonomy":"category","embeddable":true,"href":"https:\/\/sectorprensa.com.ar\/index.php?rest_route=%2Fwp%2Fv2%2Fcategories&post=78965"},{"taxonomy":"post_tag","embeddable":true,"href":"https:\/\/sectorprensa.com.ar\/index.php?rest_route=%2Fwp%2Fv2%2Ftags&post=78965"}],"curies":[{"name":"wp","href":"https:\/\/api.w.org\/{rel}","templated":true}]}}