{"id":79017,"date":"2026-02-22T18:12:41","date_gmt":"2026-02-22T21:12:41","guid":{"rendered":"https:\/\/sectorprensa.com.ar\/?p=79017"},"modified":"2026-02-22T18:12:41","modified_gmt":"2026-02-22T21:12:41","slug":"bullrich-contra-el-kirchnerismo-tienen-que-dejar-de-querer-voltear-gobiernos","status":"publish","type":"post","link":"https:\/\/sectorprensa.com.ar\/?p=79017","title":{"rendered":"Bullrich contra el kirchnerismo: \u00abTienen que dejar de querer voltear gobiernos\u00bb"},"content":{"rendered":"\n<h6 class=\"wp-block-heading\"><strong>La Presidenta del bloque de senadores de La Libertad Avanza apunt\u00f3 contra el kirchnerismo y pidi\u00f3 que permita al Poder Ejecutivo avanzar con sus pol\u00edticas. \u00abNo jodan m\u00e1s\u00bb, expres\u00f3 en sus redes sociales.<\/strong><\/h6>\n\n\n\n<p>A trav\u00e9s de sus redes sociales, y luego de que la reforma laboral consiga la aprobaci\u00f3n en la C\u00e1mara de Diputados. Patricia Bullrich sali\u00f3 al cruce del kirchnerismo. \u00abTienen que dejar de querer voltear gobiernos\u00bb, dijo la senadora y Presidenta del bloque de La Libertad Avanza.<\/p>\n\n\n\n<p>Previo a que se trate nuevamente la normativa en el Senado (el pr\u00f3ximo viernes), la ex Ministra de Seguridad exigi\u00f3 que permitan al gobierno avanzar con sus pol\u00edticas y sentenci\u00f3: \u00abLa Argentina tiene que crecer y ustedes dejar de querer voltear gobiernos\u00bb.<\/p>\n\n\n\n<p>Por \u00faltimo, remarc\u00f3 que \u00abestoy un poco cansada de las lecciones de moral del kirchnerismo. Tuvieron tiempo para hacer las cosas bien, pero dejaron un desastre\u00bb y agreg\u00f3 que \u00abno jodan m\u00e1s\u00bb.<\/p>\n\n\n\n<figure class=\"wp-block-embed is-type-wp-embed is-provider-sector-prensa wp-block-embed-sector-prensa\"><div class=\"wp-block-embed__wrapper\">\n<blockquote class=\"wp-embedded-content\" data-secret=\"ZbmJK2WzXQ\"><a href=\"https:\/\/sectorprensa.com.ar\/?p=78975\">Kicillof en Ituzaing\u00f3: \u201cVamos a seguir inaugurando y ampliando escuelas\u201d<\/a><\/blockquote><iframe loading=\"lazy\" class=\"wp-embedded-content\" sandbox=\"allow-scripts\" security=\"restricted\" style=\"position: absolute; visibility: hidden;\" title=\"\u00abKicillof en Ituzaing\u00f3: \u201cVamos a seguir inaugurando y ampliando escuelas\u201d\u00bb \u2014 Sector Prensa\" src=\"https:\/\/sectorprensa.com.ar\/?p=78975&#038;embed=true#?secret=tptmtIZLmq#?secret=ZbmJK2WzXQ\" data-secret=\"ZbmJK2WzXQ\" width=\"600\" height=\"338\" frameborder=\"0\" marginwidth=\"0\" marginheight=\"0\" scrolling=\"no\"><\/iframe>\n<\/div><\/figure>\n","protected":false},"excerpt":{"rendered":"<p>La Presidenta del bloque de senadores de La Libertad Avanza apunt\u00f3 contra el kirchnerismo y pidi\u00f3 que permita al Poder<\/p>\n","protected":false},"author":13,"featured_media":79018,"comment_status":"closed","ping_status":"","sticky":false,"template":"","format":"standard","meta":{"colormag_page_container_layout":"default_layout","colormag_page_sidebar_layout":"default_layout","footnotes":""},"categories":[17,8],"tags":[7394,195],"class_list":["post-79017","post","type-post","status-publish","format-standard","has-post-thumbnail","hentry","category-destacadas","category-politica","tag-la-libertad-avanza","tag-patricia-bullrich"],"_links":{"self":[{"href":"https:\/\/sectorprensa.com.ar\/index.php?rest_route=\/wp\/v2\/posts\/79017","targetHints":{"allow":["GET"]}}],"collection":[{"href":"https:\/\/sectorprensa.com.ar\/index.php?rest_route=\/wp\/v2\/posts"}],"about":[{"href":"https:\/\/sectorprensa.com.ar\/index.php?rest_route=\/wp\/v2\/types\/post"}],"author":[{"embeddable":true,"href":"https:\/\/sectorprensa.com.ar\/index.php?rest_route=\/wp\/v2\/users\/13"}],"replies":[{"embeddable":true,"href":"https:\/\/sectorprensa.com.ar\/index.php?rest_route=%2Fwp%2Fv2%2Fcomments&post=79017"}],"version-history":[{"count":1,"href":"https:\/\/sectorprensa.com.ar\/index.php?rest_route=\/wp\/v2\/posts\/79017\/revisions"}],"predecessor-version":[{"id":79019,"href":"https:\/\/sectorprensa.com.ar\/index.php?rest_route=\/wp\/v2\/posts\/79017\/revisions\/79019"}],"wp:featuredmedia":[{"embeddable":true,"href":"https:\/\/sectorprensa.com.ar\/index.php?rest_route=\/wp\/v2\/media\/79018"}],"wp:attachment":[{"href":"https:\/\/sectorprensa.com.ar\/index.php?rest_route=%2Fwp%2Fv2%2Fmedia&parent=79017"}],"wp:term":[{"taxonomy":"category","embeddable":true,"href":"https:\/\/sectorprensa.com.ar\/index.php?rest_route=%2Fwp%2Fv2%2Fcategories&post=79017"},{"taxonomy":"post_tag","embeddable":true,"href":"https:\/\/sectorprensa.com.ar\/index.php?rest_route=%2Fwp%2Fv2%2Ftags&post=79017"}],"curies":[{"name":"wp","href":"https:\/\/api.w.org\/{rel}","templated":true}]}}