{"id":82656,"date":"2026-04-29T10:15:38","date_gmt":"2026-04-29T13:15:38","guid":{"rendered":"https:\/\/sectorprensa.com.ar\/?p=82656"},"modified":"2026-04-29T10:15:38","modified_gmt":"2026-04-29T13:15:38","slug":"moron-fortalece-la-prevencion-y-el-abordaje-de-conflictos-en-escuelas-del-distrito","status":"publish","type":"post","link":"https:\/\/sectorprensa.com.ar\/?p=82656","title":{"rendered":"Mor\u00f3n fortalece la prevenci\u00f3n y el abordaje de conflictos en escuelas del distrito"},"content":{"rendered":"\n<p><strong>El Municipio contin\u00faa con el trabajo junto a autoridades educativas y del Poder Judicial para establecer lineamientos de actuaci\u00f3n ante situaciones de amenaza. Adem\u00e1s, se desarroll\u00f3 un encuentro de articulaci\u00f3n con instituciones para compartir pol\u00edticas p\u00fablicas, generar canales de di\u00e1logo y brindar capacitaciones.<\/strong><\/p>\n\n\n\n<p>En el marco de la campa\u00f1a \u201cMi Escuela Segura\u201d, el gabinete municipal mantuvo un encuentro junto a directivos de instituciones educativas, autoridades del Poder Judicial y del \u00e1rea de Educaci\u00f3n, con el objetivo de fortalecer el abordaje ante situaciones de conflicto y amenazas en escuelas secundarias de Mor\u00f3n.<\/p>\n\n\n\n<p>La jornada permiti\u00f3 compartir un espacio de trabajo y debate en torno a los procedimientos de actuaci\u00f3n frente a denuncias, donde se brindaron lineamientos claros para su correcta realizaci\u00f3n en fiscal\u00eda, priorizando el resguardo integral de estudiantes, docentes y equipos directivos.<\/p>\n\n\n\n<p>Tambi\u00e9n se compartieron herramientas de intervenci\u00f3n y se avanz\u00f3 en la articulaci\u00f3n de estrategias conjuntas para dar respuestas \u00e1giles y efectivas.<\/p>\n\n\n\n<p>Formaron parte de la actividad directoras de escuelas secundarias p\u00fablicas y privadas de Mor\u00f3n, junto a la fiscal general adjunta, Daniela Barroso; agentes fiscales; representantes del Poder Judicial; y el secretario de la Fiscal\u00eda de Menores, Leonardo Eivers.<\/p>\n\n\n\n<p>Por otro lado, el Municipio impuls\u00f3 una jornada de intercambio, formaci\u00f3n y planificaci\u00f3n junto a instituciones educativas privadas de Mor\u00f3n, con el objetivo de consolidar el trabajo conjunto y acompa\u00f1ar a cada establecimiento en sus desaf\u00edos cotidianos.<\/p>\n\n\n\n<p>El intendente de Mor\u00f3n, Lucas Ghi, se\u00f1al\u00f3: \u201cEl objetivo de este encuentro ten\u00eda que ver con tratar de hacer fluir, coordinar, integrar, mirarnos a los ojos y reconocernos en una situaci\u00f3n com\u00fan. Ustedes tambi\u00e9n est\u00e1n ejerciendo responsabilidades de representaci\u00f3n, de conducci\u00f3n de equipos y de liderazgo, con todo lo que eso implica en t\u00e9rminos institucionales, m\u00e1s all\u00e1 de lo estrictamente pedag\u00f3gico. El objetivo era ese: tratar de hacer un mismo m\u00fasculo, de poder compartir algunas de las intervenciones que a nosotros nos resultan m\u00e1s relevantes en lo que va de este a\u00f1o\u201d.<\/p>\n\n\n\n<p>Durante el encuentro se compartieron propuestas, inquietudes y experiencias, y se llev\u00f3 adelante una capacitaci\u00f3n en RCP. En ese marco, tambi\u00e9n se present\u00f3 la \u201cTarjeta Joven\u201d, destinada a estudiantes de entre 16 y 25 a\u00f1os, que brinda beneficios y descuentos en comercios locales.<\/p>\n\n\n\n<p>Adem\u00e1s, el Centro de Veteranos de Mor\u00f3n present\u00f3 el programa \u201cPisar Malvinas\u201d, y se compartieron iniciativas orientadas a la promoci\u00f3n de escuelas sustentables.<\/p>\n\n\n\n<p>Acompa\u00f1aron las jornadas la jefa de Gabinete, Dra. Estefan\u00eda Franco; el concejal Jos\u00e9 Mar\u00eda Ghi; los secretarios de Seguridad, Dami\u00e1n Cardoso; de Desarrollo Productivo, Santiago Mu\u00f1iz; de Salud, Jacobo Netel; de Desarrollo local, Empleo y Econom\u00eda Social, Eugenia Navarro; la subsecretaria de Educaci\u00f3n, Loreley Arnaudin; la Escuela de Guardavidas Municipal; e integrantes del gabinete municipal. Tambi\u00e9n participaron la inspectora jefa regional, Eliana Gonz\u00e1lez Di Martino; la inspectora jefa regional de DIEGEP, Elva Pereira; y la inspectora jefa distrital, Natalia D\u00edaz; y representantes de instituciones educativas de toda la comuna.<\/p>\n\n\n\n<p>\u201cDe esta manera, el Estado local reafirma su compromiso con la construcci\u00f3n de espacios educativos seguros, promoviendo la prevenci\u00f3n, el respeto y el acompa\u00f1amiento a estudiantes, docentes y familias\u201d, remarcaron.<\/p>\n","protected":false},"excerpt":{"rendered":"<p>El Municipio contin\u00faa con el trabajo junto a autoridades educativas y del Poder Judicial para establecer lineamientos de actuaci\u00f3n ante<\/p>\n","protected":false},"author":14,"featured_media":82658,"comment_status":"closed","ping_status":"","sticky":false,"template":"","format":"standard","meta":{"colormag_page_container_layout":"default_layout","colormag_page_sidebar_layout":"default_layout","footnotes":""},"categories":[17,5,8],"tags":[],"class_list":["post-82656","post","type-post","status-publish","format-standard","has-post-thumbnail","hentry","category-destacadas","category-moron","category-politica"],"_links":{"self":[{"href":"https:\/\/sectorprensa.com.ar\/index.php?rest_route=\/wp\/v2\/posts\/82656","targetHints":{"allow":["GET"]}}],"collection":[{"href":"https:\/\/sectorprensa.com.ar\/index.php?rest_route=\/wp\/v2\/posts"}],"about":[{"href":"https:\/\/sectorprensa.com.ar\/index.php?rest_route=\/wp\/v2\/types\/post"}],"author":[{"embeddable":true,"href":"https:\/\/sectorprensa.com.ar\/index.php?rest_route=\/wp\/v2\/users\/14"}],"replies":[{"embeddable":true,"href":"https:\/\/sectorprensa.com.ar\/index.php?rest_route=%2Fwp%2Fv2%2Fcomments&post=82656"}],"version-history":[{"count":1,"href":"https:\/\/sectorprensa.com.ar\/index.php?rest_route=\/wp\/v2\/posts\/82656\/revisions"}],"predecessor-version":[{"id":82657,"href":"https:\/\/sectorprensa.com.ar\/index.php?rest_route=\/wp\/v2\/posts\/82656\/revisions\/82657"}],"wp:featuredmedia":[{"embeddable":true,"href":"https:\/\/sectorprensa.com.ar\/index.php?rest_route=\/wp\/v2\/media\/82658"}],"wp:attachment":[{"href":"https:\/\/sectorprensa.com.ar\/index.php?rest_route=%2Fwp%2Fv2%2Fmedia&parent=82656"}],"wp:term":[{"taxonomy":"category","embeddable":true,"href":"https:\/\/sectorprensa.com.ar\/index.php?rest_route=%2Fwp%2Fv2%2Fcategories&post=82656"},{"taxonomy":"post_tag","embeddable":true,"href":"https:\/\/sectorprensa.com.ar\/index.php?rest_route=%2Fwp%2Fv2%2Ftags&post=82656"}],"curies":[{"name":"wp","href":"https:\/\/api.w.org\/{rel}","templated":true}]}}