{"id":82674,"date":"2026-04-25T11:17:14","date_gmt":"2026-04-25T14:17:14","guid":{"rendered":"https:\/\/sectorprensa.com.ar\/?p=82674"},"modified":"2026-04-25T11:17:14","modified_gmt":"2026-04-25T14:17:14","slug":"kicillof-ni-herencia-ni-riesgo-kuka-este-desastre-es-consecuencia-de-las-politicas-de-milei","status":"publish","type":"post","link":"https:\/\/sectorprensa.com.ar\/?p=82674","title":{"rendered":"Kicillof: \u201cNi herencia ni riesgo kuka: este desastre es consecuencia de las pol\u00edticas de Milei\u201d"},"content":{"rendered":"\n<p><strong>El gobernador presidi\u00f3 la primera reuni\u00f3n del Consejo del Partido Justicialista de la provincia de Buenos Aires. Durante la reuni\u00f3n se design\u00f3 a Ver\u00f3nica Magario como vicepresidenta 1\u00ba y a Federico Oterm\u00edn como vicepresidente 2\u00ba<\/strong><\/p>\n\n\n\n<p>\u201cEl plan que exist\u00eda para ocultar la crisis que sufre la Argentina se ha derrumbado: el desastre productivo, laboral, social y alimentario ya es innegable y tiene como \u00fanico responsable a Javier Milei\u201d, afirm\u00f3 el gobernador Axel Kicillof, al presidir la primera reuni\u00f3n del Consejo del Partido Justicialista de la provincia de Buenos Aires.<\/p>\n\n\n\n<p>\u201cNo fue ni el riesgo kuka ni la pesada herencia los que nos trajeron a esta situaci\u00f3n: desde el partido, desde la militancia, nuestra tarea es explicar en todos los barrios que la \u00fanica causa es la pol\u00edtica econ\u00f3mica del Gobierno nacional\u201d, remarc\u00f3 el Gobernador.<\/p>\n\n\n\n<p>\u201cEstamos en una etapa de construcci\u00f3n en la que tenemos que ampliarnos hacia sectores econ\u00f3micos, sociales y culturales que muchas veces nos han sido adversos\u201d, sostuvo el mandatario bonaerense y agreg\u00f3: \u201cNo me refiero a alianzas electorales, sino a salir al encuentro de todos aquellos que hoy se encuentran frustrados o espantados por el programa de Milei. Esa es la tarea del peronismo: escucharlos, discutir y convencerlos\u201d.<\/p>\n\n\n\n<figure class=\"wp-block-embed is-type-rich is-provider-twitter wp-block-embed-twitter\"><div class=\"wp-block-embed__wrapper\">\n<blockquote class=\"twitter-tweet\" data-width=\"550\" data-dnt=\"true\"><p lang=\"es\" dir=\"ltr\">La formaci\u00f3n dentro del peronismo debe ser una prioridad hacia adelante: necesitamos generar espacios donde expertos y militantes con trayectoria y conocimiento puedan formar cuadros pol\u00edticos para ofrecerle una alternativa de futuro a nuestro pueblo. <a href=\"https:\/\/t.co\/9TFatZMrdc\">pic.twitter.com\/9TFatZMrdc<\/a><\/p>&mdash; Axel Kicillof (@Kicillofok) <a href=\"https:\/\/twitter.com\/Kicillofok\/status\/2047833130212397470?ref_src=twsrc%5Etfw\">April 25, 2026<\/a><\/blockquote><script async src=\"https:\/\/platform.twitter.com\/widgets.js\" charset=\"utf-8\"><\/script>\n<\/div><\/figure>\n\n\n\n<p>Durante la reuni\u00f3n se design\u00f3 a Ver\u00f3nica Magario como vicepresidenta 1\u00ba y a Federico Oterm\u00edn como vicepresidente 2\u00ba, en tanto que Mariano Cascallares estar\u00e1 al frente de la Secretar\u00eda General, Julio Alak de la Secretar\u00eda de Formaci\u00f3n Pol\u00edtica y Mariel Fern\u00e1ndez de la Secretar\u00eda de las Mujeres y G\u00e9nero. Asimismo, se ratific\u00f3 a Ariel Sujarchuk como secretario de Finanzas y Tesorer\u00eda, y a Noelia Casta\u00f1o como subtesorera del partido. Adem\u00e1s, se abordaron cuestiones vinculadas a las campa\u00f1as de afiliaciones y a la formaci\u00f3n y capacitaci\u00f3n pol\u00edtica.<\/p>\n\n\n\n<p>Por \u00faltimo, Kicillof afirm\u00f3: \u201cNuestro trabajo principal e hist\u00f3rico es terminar con esta pesadilla, y nada mejor para hacerlo que ofrecer un sue\u00f1o y una alternativa para devolverle la esperanza al pueblo\u201d. \u201cFrente a la antipol\u00edtica, tenemos que estar en la calle, acompa\u00f1ando y resistiendo: el peronismo de la provincia de Buenos Aires va a ser el responsable de terminar con este modelo de destrucci\u00f3n\u201d, concluy\u00f3.<\/p>\n\n\n\n<figure class=\"wp-block-embed is-type-rich is-provider-twitter wp-block-embed-twitter\"><div class=\"wp-block-embed__wrapper\">\n<blockquote class=\"twitter-tweet\" data-width=\"550\" data-dnt=\"true\"><p lang=\"es\" dir=\"ltr\">Ellos son la antipol\u00edtica y ah\u00ed debe estar el justicialismo de pie, en la calle, acompa\u00f1ando y resistiendo, porque el peronismo de la provincia de Buenos Aires va a ser el que va a terminar con el modelo de destrucci\u00f3n de Milei. <a href=\"https:\/\/t.co\/KvHQn057HQ\">pic.twitter.com\/KvHQn057HQ<\/a><\/p>&mdash; Axel Kicillof (@Kicillofok) <a href=\"https:\/\/twitter.com\/Kicillofok\/status\/2047833135547572717?ref_src=twsrc%5Etfw\">April 25, 2026<\/a><\/blockquote><script async src=\"https:\/\/platform.twitter.com\/widgets.js\" charset=\"utf-8\"><\/script>\n<\/div><\/figure>\n\n\n\n<p>Finalmente, se inform\u00f3 que el pr\u00f3ximo mi\u00e9rcoles se realizar\u00e1 una movilizaci\u00f3n junto a intendentes hacia el Ministerio de Capital Humano para reclamar por los recursos que le corresponden a la Provincia para sostener los servicios alimentarios en las escuelas.<\/p>\n","protected":false},"excerpt":{"rendered":"<p>El gobernador presidi\u00f3 la primera reuni\u00f3n del Consejo del Partido Justicialista de la provincia de Buenos Aires. Durante la reuni\u00f3n<\/p>\n","protected":false},"author":14,"featured_media":82675,"comment_status":"closed","ping_status":"","sticky":false,"template":"","format":"standard","meta":{"colormag_page_container_layout":"default_layout","colormag_page_sidebar_layout":"default_layout","footnotes":""},"categories":[17,8,18],"tags":[],"class_list":["post-82674","post","type-post","status-publish","format-standard","has-post-thumbnail","hentry","category-destacadas","category-politica","category-provincia"],"_links":{"self":[{"href":"https:\/\/sectorprensa.com.ar\/index.php?rest_route=\/wp\/v2\/posts\/82674","targetHints":{"allow":["GET"]}}],"collection":[{"href":"https:\/\/sectorprensa.com.ar\/index.php?rest_route=\/wp\/v2\/posts"}],"about":[{"href":"https:\/\/sectorprensa.com.ar\/index.php?rest_route=\/wp\/v2\/types\/post"}],"author":[{"embeddable":true,"href":"https:\/\/sectorprensa.com.ar\/index.php?rest_route=\/wp\/v2\/users\/14"}],"replies":[{"embeddable":true,"href":"https:\/\/sectorprensa.com.ar\/index.php?rest_route=%2Fwp%2Fv2%2Fcomments&post=82674"}],"version-history":[{"count":1,"href":"https:\/\/sectorprensa.com.ar\/index.php?rest_route=\/wp\/v2\/posts\/82674\/revisions"}],"predecessor-version":[{"id":82676,"href":"https:\/\/sectorprensa.com.ar\/index.php?rest_route=\/wp\/v2\/posts\/82674\/revisions\/82676"}],"wp:featuredmedia":[{"embeddable":true,"href":"https:\/\/sectorprensa.com.ar\/index.php?rest_route=\/wp\/v2\/media\/82675"}],"wp:attachment":[{"href":"https:\/\/sectorprensa.com.ar\/index.php?rest_route=%2Fwp%2Fv2%2Fmedia&parent=82674"}],"wp:term":[{"taxonomy":"category","embeddable":true,"href":"https:\/\/sectorprensa.com.ar\/index.php?rest_route=%2Fwp%2Fv2%2Fcategories&post=82674"},{"taxonomy":"post_tag","embeddable":true,"href":"https:\/\/sectorprensa.com.ar\/index.php?rest_route=%2Fwp%2Fv2%2Ftags&post=82674"}],"curies":[{"name":"wp","href":"https:\/\/api.w.org\/{rel}","templated":true}]}}