{"id":82677,"date":"2026-04-25T11:19:10","date_gmt":"2026-04-25T14:19:10","guid":{"rendered":"https:\/\/sectorprensa.com.ar\/?p=82677"},"modified":"2026-04-25T11:19:10","modified_gmt":"2026-04-25T14:19:10","slug":"lucas-ghi-entrego-subsidios-para-mejoras-habitacionales-a-familias-del-distrito","status":"publish","type":"post","link":"https:\/\/sectorprensa.com.ar\/?p=82677","title":{"rendered":"Lucas Ghi entreg\u00f3 subsidios para mejoras habitacionales a familias del distrito"},"content":{"rendered":"\n<p><strong>A trav\u00e9s del programa bonaerense \u201cTrabajar en la Casa\u201d, el Municipio y la Provincia de Buenos Aires brindaron apoyo econ\u00f3mico no reembolsable para la compra de materiales y la contrataci\u00f3n de mano de obra.<\/strong><\/p>\n\n\n\n<p>El intendente de Mor\u00f3n, Lucas Ghi, encabez\u00f3 junto al subsecretario de H\u00e1bitat de la Provincia de Buenos Aires, Rub\u00e9n Pascolini, la entrega de subsidios del programa \u201cTrabajar en la Casa\u201d, una iniciativa impulsada por el Gobierno provincial para acompa\u00f1ar a familias del distrito.<\/p>\n\n\n\n<p>En esta oportunidad, 100 familias de los barrios Patagones, Texalar, 20 de Junio y Carlos Gardel recibieron apoyo econ\u00f3mico no reembolsable destinado a la compra de materiales de construcci\u00f3n y\/o la contrataci\u00f3n de mano de obra.<\/p>\n\n\n\n<p>Al momento de la entrega, el jefe comunal destac\u00f3:\u00a0\u201cPara nosotros es importante contribuir, junto con la Provincia de Buenos Aires, en algo tan importante como la vivienda. Estamos en un contexto en el que, cuando se presenta un funcionario del Gobierno nacional, viene a anunciar que se quita algo. Con la decisi\u00f3n del gobernador Axel Kicillof y del ministro Andr\u00e9s Larroque, no se interrumpe nada, sino que se contin\u00faa con una pol\u00edtica de derechos, para reconocer a vecinos y vecinas que todos los d\u00edas se levantan y construyen la ciudad. En este sentido, el Estado viene a ponerse del lado de la comunidad, a tender una mano y a construir un poco m\u00e1s de justicia en un contexto tan dif\u00edcil\u201d.<\/p>\n\n\n\n<p>La iniciativa prioriza hogares con presencia de ni\u00f1as y ni\u00f1os, personas mayores y personas con discapacidad, con el objetivo de mejorar las condiciones de habitabilidad y dar respuesta a situaciones de d\u00e9ficit habitacional y sanitario.<\/p>\n\n\n\n<p>El programa est\u00e1 dirigido a familias que viven en sectores populares, especialmente en barrios inscriptos en el Registro P\u00fablico Provincial de Villas y Asentamientos Precarios, brindando herramientas concretas para mejorar su calidad de vida.<\/p>\n\n\n\n<p>Acompa\u00f1aron la entrega la jefa de Gabinete, Dra. Estefan\u00eda Franco; el concejal Jos\u00e9 Mar\u00eda Ghi; el secretario de Desarrollo Estrat\u00e9gico, Guillermo Pascuero; el director de Pol\u00edticas de Mejoramiento Habitacional, Gustavo Pintos; la directora de H\u00e1bitat, Graciela Vicente; la directora de la UGC N\u00b0 6, Rogelia Franco; y dem\u00e1s miembros del gabinete municipal. Tambi\u00e9n particip\u00f3 el director regional del Ministerio de Desarrollo de la Comunidad de la Provincia, Maximiliano Venegoni.<\/p>\n","protected":false},"excerpt":{"rendered":"<p>A trav\u00e9s del programa bonaerense \u201cTrabajar en la Casa\u201d, el Municipio y la Provincia de Buenos Aires brindaron apoyo econ\u00f3mico<\/p>\n","protected":false},"author":14,"featured_media":82678,"comment_status":"closed","ping_status":"","sticky":false,"template":"","format":"standard","meta":{"colormag_page_container_layout":"default_layout","colormag_page_sidebar_layout":"default_layout","footnotes":""},"categories":[17,5,8],"tags":[],"class_list":["post-82677","post","type-post","status-publish","format-standard","has-post-thumbnail","hentry","category-destacadas","category-moron","category-politica"],"_links":{"self":[{"href":"https:\/\/sectorprensa.com.ar\/index.php?rest_route=\/wp\/v2\/posts\/82677","targetHints":{"allow":["GET"]}}],"collection":[{"href":"https:\/\/sectorprensa.com.ar\/index.php?rest_route=\/wp\/v2\/posts"}],"about":[{"href":"https:\/\/sectorprensa.com.ar\/index.php?rest_route=\/wp\/v2\/types\/post"}],"author":[{"embeddable":true,"href":"https:\/\/sectorprensa.com.ar\/index.php?rest_route=\/wp\/v2\/users\/14"}],"replies":[{"embeddable":true,"href":"https:\/\/sectorprensa.com.ar\/index.php?rest_route=%2Fwp%2Fv2%2Fcomments&post=82677"}],"version-history":[{"count":1,"href":"https:\/\/sectorprensa.com.ar\/index.php?rest_route=\/wp\/v2\/posts\/82677\/revisions"}],"predecessor-version":[{"id":82679,"href":"https:\/\/sectorprensa.com.ar\/index.php?rest_route=\/wp\/v2\/posts\/82677\/revisions\/82679"}],"wp:featuredmedia":[{"embeddable":true,"href":"https:\/\/sectorprensa.com.ar\/index.php?rest_route=\/wp\/v2\/media\/82678"}],"wp:attachment":[{"href":"https:\/\/sectorprensa.com.ar\/index.php?rest_route=%2Fwp%2Fv2%2Fmedia&parent=82677"}],"wp:term":[{"taxonomy":"category","embeddable":true,"href":"https:\/\/sectorprensa.com.ar\/index.php?rest_route=%2Fwp%2Fv2%2Fcategories&post=82677"},{"taxonomy":"post_tag","embeddable":true,"href":"https:\/\/sectorprensa.com.ar\/index.php?rest_route=%2Fwp%2Fv2%2Ftags&post=82677"}],"curies":[{"name":"wp","href":"https:\/\/api.w.org\/{rel}","templated":true}]}}