{"id":82680,"date":"2026-04-27T14:51:35","date_gmt":"2026-04-27T17:51:35","guid":{"rendered":"https:\/\/sectorprensa.com.ar\/?p=82680"},"modified":"2026-04-27T14:51:35","modified_gmt":"2026-04-27T17:51:35","slug":"se-confirmo-el-dia-y-horario-en-que-se-presentara-adorni-en-el-congreso","status":"publish","type":"post","link":"https:\/\/sectorprensa.com.ar\/?p=82680","title":{"rendered":"Se confirm\u00f3 el d\u00eda y horario en que se presentar\u00e1 Adorni en el Congreso"},"content":{"rendered":"\n<h6 class=\"wp-block-heading\"><strong>El jefe de Gabinete responder\u00e1 preguntas en la C\u00e1mara de Diputados sobre la causa sobre enriquecimiento il\u00edcito. Contar\u00e1 con la presencia del Presidente Javier Milei.<\/strong><\/h6>\n\n\n\n<p>En el marco de la causa por enriquecimiento il\u00edcito, Manuel Adorni deber\u00e1 presentarse ante la C\u00e1mara de Diputados y responder sobre el tema. La exposici\u00f3n del jefe de Gabinete se llevar\u00e1 adelante este mi\u00e9rcoles a las 10:30hs, ser\u00e1 sometido a unas 4.800 preguntas.<\/p>\n\n\n\n<p>El funcionario se encuentra acusado de no declarar la compra de inmuebles en su patrimonio y bajo la mira por viajes privados al exterior. Sin embargo, desde el oficialismo expresan su apoyo y estar\u00e1 acompa\u00f1ado por el Presidente Javier Milei, quien se ubicar\u00e1 en el palco central, y Karina Milei, secretaria general de la Presidencia. Adem\u00e1s, otros Ministros y colaboradores, que se instalar\u00e1n en el Sal\u00f3n Delia Parodi, dir\u00e1n presente.<\/p>\n\n\n\n<p>Se espera que Adorni realice una alocuci\u00f3n de una hora, destacando logros de la gesti\u00f3n (en especial en econom\u00eda), y la jornada se extender\u00eda a seis con las preguntas por parte de la oposici\u00f3n. El gobierno asegur\u00f3 que no responder\u00e1 cuestionamientos referidos a la situaci\u00f3n patrimonial, esto se debe a que est\u00e1 bajo investigaci\u00f3n de la Justicia.<\/p>\n\n\n\n<p>La exposici\u00f3n comenzar\u00e1 con preguntas de los bloques menos numerosos y tendr\u00e1n cinco minutos cada uno, as\u00ed concluir\u00e1 un tramo de 50 minutos. Luego, ser\u00e1 el turno de Innovaci\u00f3n Federal (11 minutos); Unidos (20 minutos) y Fuerzas del Cambio (20 minutos). Pasados los 20 minutos con los que contar\u00e1 el funcionario para responder, seguir\u00e1 Uni\u00f3n por la Patria con 68 minutos. Completa La Libertad Avanza, tiene a cargo el cierre.<\/p>\n\n\n\n<figure class=\"wp-block-embed is-type-wp-embed is-provider-sector-prensa wp-block-embed-sector-prensa\"><div class=\"wp-block-embed__wrapper\">\n<blockquote class=\"wp-embedded-content\" data-secret=\"yyKKuxxv0n\"><a href=\"https:\/\/sectorprensa.com.ar\/?p=82674\">Kicillof: \u201cNi herencia ni riesgo kuka: este desastre es consecuencia de las pol\u00edticas de Milei\u201d<\/a><\/blockquote><iframe loading=\"lazy\" class=\"wp-embedded-content\" sandbox=\"allow-scripts\" security=\"restricted\" style=\"position: absolute; visibility: hidden;\" title=\"\u00abKicillof: \u201cNi herencia ni riesgo kuka: este desastre es consecuencia de las pol\u00edticas de Milei\u201d\u00bb \u2014 Sector Prensa\" src=\"https:\/\/sectorprensa.com.ar\/?p=82674&#038;embed=true#?secret=FzP5fl0LPN#?secret=yyKKuxxv0n\" data-secret=\"yyKKuxxv0n\" width=\"600\" height=\"338\" frameborder=\"0\" marginwidth=\"0\" marginheight=\"0\" scrolling=\"no\"><\/iframe>\n<\/div><\/figure>\n","protected":false},"excerpt":{"rendered":"<p>El jefe de Gabinete responder\u00e1 preguntas en la C\u00e1mara de Diputados sobre la causa sobre enriquecimiento il\u00edcito. Contar\u00e1 con la<\/p>\n","protected":false},"author":13,"featured_media":82681,"comment_status":"closed","ping_status":"","sticky":false,"template":"","format":"standard","meta":{"colormag_page_container_layout":"default_layout","colormag_page_sidebar_layout":"default_layout","footnotes":""},"categories":[6828,8],"tags":[5811,8388],"class_list":["post-82680","post","type-post","status-publish","format-standard","has-post-thumbnail","hentry","category-mas-destacadas","category-politica","tag-camara-de-diputados","tag-manuel-adorni"],"_links":{"self":[{"href":"https:\/\/sectorprensa.com.ar\/index.php?rest_route=\/wp\/v2\/posts\/82680","targetHints":{"allow":["GET"]}}],"collection":[{"href":"https:\/\/sectorprensa.com.ar\/index.php?rest_route=\/wp\/v2\/posts"}],"about":[{"href":"https:\/\/sectorprensa.com.ar\/index.php?rest_route=\/wp\/v2\/types\/post"}],"author":[{"embeddable":true,"href":"https:\/\/sectorprensa.com.ar\/index.php?rest_route=\/wp\/v2\/users\/13"}],"replies":[{"embeddable":true,"href":"https:\/\/sectorprensa.com.ar\/index.php?rest_route=%2Fwp%2Fv2%2Fcomments&post=82680"}],"version-history":[{"count":1,"href":"https:\/\/sectorprensa.com.ar\/index.php?rest_route=\/wp\/v2\/posts\/82680\/revisions"}],"predecessor-version":[{"id":82682,"href":"https:\/\/sectorprensa.com.ar\/index.php?rest_route=\/wp\/v2\/posts\/82680\/revisions\/82682"}],"wp:featuredmedia":[{"embeddable":true,"href":"https:\/\/sectorprensa.com.ar\/index.php?rest_route=\/wp\/v2\/media\/82681"}],"wp:attachment":[{"href":"https:\/\/sectorprensa.com.ar\/index.php?rest_route=%2Fwp%2Fv2%2Fmedia&parent=82680"}],"wp:term":[{"taxonomy":"category","embeddable":true,"href":"https:\/\/sectorprensa.com.ar\/index.php?rest_route=%2Fwp%2Fv2%2Fcategories&post=82680"},{"taxonomy":"post_tag","embeddable":true,"href":"https:\/\/sectorprensa.com.ar\/index.php?rest_route=%2Fwp%2Fv2%2Ftags&post=82680"}],"curies":[{"name":"wp","href":"https:\/\/api.w.org\/{rel}","templated":true}]}}