{"id":82684,"date":"2026-04-27T15:25:09","date_gmt":"2026-04-27T18:25:09","guid":{"rendered":"https:\/\/sectorprensa.com.ar\/?p=82684"},"modified":"2026-04-27T15:25:09","modified_gmt":"2026-04-27T18:25:09","slug":"la-cgt-recuso-a-los-jueces-que-revocaron-la-cautelar-contra-la-reforma-laboral","status":"publish","type":"post","link":"https:\/\/sectorprensa.com.ar\/?p=82684","title":{"rendered":"La CGT recus\u00f3 a los jueces que revocaron la cautelar contra la reforma laboral"},"content":{"rendered":"\n<h6 class=\"wp-block-heading\"><strong>La central obrera expres\u00f3 que \u00abno es un desvar\u00edo de la autoridad, ni una raz\u00f3n sin fundamento, es la raz\u00f3n desprovista de moral, es asociar beneficios mutuos\u00bb.<\/strong><\/h6>\n\n\n\n<p>Luego del fallo de la C\u00e1mara del Trabajo para revocar la cautelar que suspend\u00eda 82 art\u00edculos de la reforma laboral, la CGT rechaz\u00f3 esta decisi\u00f3n y apunt\u00f3 contra los dos jueces, V\u00edctor Pesino y Mar\u00eda Gonz\u00e1lez. Pidieron la \u00abnulidad absoluta\u00bb y los recus\u00f3 con causa \u00abpor haber prejuzgado\u00bb sobre los derechos que constituyen la materia de fondo.<\/p>\n\n\n\n<p>La central obrera acusa a Pesino de \u00abfavorecer\u00bb al Estado Nacional y ser favorecido con el pedido al Consejo de la Magistratura para continuar en su cargo a pesar de sus 75 a\u00f1os, fue publicado en el Bolet\u00edn Oficial.<\/p>\n\n\n\n<p>\u00abObtener un beneficio a todas luces may\u00fasculo como lo es continuar en el ejercicio de la funci\u00f3n judicial por 5 a\u00f1os, constituye no solo una conducta contraria a la \u00e9tica, sino tambi\u00e9n una causa objetiva de apartamiento de acuerdo a las reglas de la ley\u00bb, dice el escrito.<\/p>\n\n\n\n<p>\u00abEsta inconsecuencia, no es un desvar\u00edo de la autoridad, ni una raz\u00f3n sin fundamento, es la raz\u00f3n desprovista de moral, es asociar beneficios mutuos, mientras la sociedad (que abrigaba expectativas de imparcialidad) asiste, sin mediaciones, a la demolici\u00f3n de la divisi\u00f3n de poderes y la credibilidad en el Estado de Derecho\u00bb, expresaron.<\/p>\n\n\n\n<p>\u00abConstituye un cuadro que averg\u00fcenza la tradici\u00f3n de la Justicia Nacional del Trabajo\u00bb, consideraron desde la CGT.<\/p>\n\n\n\n<p>\u00abEl fallo ha sido dictado por jueces comprendidos en causas legales de recusaci\u00f3n, con clara ausencia de competencia para ello y sobre la base de evidentes y manifiestos yerros\u00bb, sostuvieron.<\/p>\n\n\n\n<p>\u00abEsto genera un manto de duda, de sospecha y de duplicidad, que nosotros no vamos a dejar pasar. Nuestro equipo jur\u00eddico acaba de recusar a los jueces y, al ya estar apelada, pedimos y planteamos la nulidad de la sentencia\u00bb, cerraron.<\/p>\n\n\n\n<figure class=\"wp-block-embed is-type-wp-embed is-provider-sector-prensa wp-block-embed-sector-prensa\"><div class=\"wp-block-embed__wrapper\">\n<blockquote class=\"wp-embedded-content\" data-secret=\"UUG3Z7Bu35\"><a href=\"https:\/\/sectorprensa.com.ar\/?p=82649\">Milei: \u201cEstamos haciendo todo lo humanamente posible para que las Islas Malvinas vuelvan a manos de Argentina\u201d<\/a><\/blockquote><iframe loading=\"lazy\" class=\"wp-embedded-content\" sandbox=\"allow-scripts\" security=\"restricted\" style=\"position: absolute; visibility: hidden;\" title=\"\u00abMilei: \u201cEstamos haciendo todo lo humanamente posible para que las Islas Malvinas vuelvan a manos de Argentina\u201d\u00bb \u2014 Sector Prensa\" src=\"https:\/\/sectorprensa.com.ar\/?p=82649&#038;embed=true#?secret=oUenAUf3VK#?secret=UUG3Z7Bu35\" data-secret=\"UUG3Z7Bu35\" width=\"600\" height=\"338\" frameborder=\"0\" marginwidth=\"0\" marginheight=\"0\" scrolling=\"no\"><\/iframe>\n<\/div><\/figure>\n","protected":false},"excerpt":{"rendered":"<p>La central obrera expres\u00f3 que \u00abno es un desvar\u00edo de la autoridad, ni una raz\u00f3n sin fundamento, es la raz\u00f3n<\/p>\n","protected":false},"author":13,"featured_media":82685,"comment_status":"closed","ping_status":"","sticky":false,"template":"","format":"standard","meta":{"colormag_page_container_layout":"default_layout","colormag_page_sidebar_layout":"default_layout","footnotes":""},"categories":[17,8],"tags":[9761,110,9612],"class_list":["post-82684","post","type-post","status-publish","format-standard","has-post-thumbnail","hentry","category-destacadas","category-politica","tag-camara-del-trabajo","tag-cgt","tag-reforma-laboral"],"_links":{"self":[{"href":"https:\/\/sectorprensa.com.ar\/index.php?rest_route=\/wp\/v2\/posts\/82684","targetHints":{"allow":["GET"]}}],"collection":[{"href":"https:\/\/sectorprensa.com.ar\/index.php?rest_route=\/wp\/v2\/posts"}],"about":[{"href":"https:\/\/sectorprensa.com.ar\/index.php?rest_route=\/wp\/v2\/types\/post"}],"author":[{"embeddable":true,"href":"https:\/\/sectorprensa.com.ar\/index.php?rest_route=\/wp\/v2\/users\/13"}],"replies":[{"embeddable":true,"href":"https:\/\/sectorprensa.com.ar\/index.php?rest_route=%2Fwp%2Fv2%2Fcomments&post=82684"}],"version-history":[{"count":1,"href":"https:\/\/sectorprensa.com.ar\/index.php?rest_route=\/wp\/v2\/posts\/82684\/revisions"}],"predecessor-version":[{"id":82686,"href":"https:\/\/sectorprensa.com.ar\/index.php?rest_route=\/wp\/v2\/posts\/82684\/revisions\/82686"}],"wp:featuredmedia":[{"embeddable":true,"href":"https:\/\/sectorprensa.com.ar\/index.php?rest_route=\/wp\/v2\/media\/82685"}],"wp:attachment":[{"href":"https:\/\/sectorprensa.com.ar\/index.php?rest_route=%2Fwp%2Fv2%2Fmedia&parent=82684"}],"wp:term":[{"taxonomy":"category","embeddable":true,"href":"https:\/\/sectorprensa.com.ar\/index.php?rest_route=%2Fwp%2Fv2%2Fcategories&post=82684"},{"taxonomy":"post_tag","embeddable":true,"href":"https:\/\/sectorprensa.com.ar\/index.php?rest_route=%2Fwp%2Fv2%2Ftags&post=82684"}],"curies":[{"name":"wp","href":"https:\/\/api.w.org\/{rel}","templated":true}]}}