{"id":82687,"date":"2026-04-27T20:05:05","date_gmt":"2026-04-27T23:05:05","guid":{"rendered":"https:\/\/sectorprensa.com.ar\/?p=82687"},"modified":"2026-04-27T20:05:05","modified_gmt":"2026-04-27T23:05:05","slug":"merlo-mas-de-11-mil-personas-participaron-de-merlo-corre-por-malvinas","status":"publish","type":"post","link":"https:\/\/sectorprensa.com.ar\/?p=82687","title":{"rendered":"Merlo: m\u00e1s de 11 mil personas participaron de \u00abMerlo Corre por Malvinas\u00bb"},"content":{"rendered":"\n<h6 class=\"wp-block-heading\"><strong>Miles de vecinos fueron parte de la quinta edici\u00f3n de la carrera solidaria, que cont\u00f3 con tres modalidades.<\/strong><\/h6>\n\n\n\n<p>En el Parque de la Unidad Nacional, en la localidad de Libertad, se desarroll\u00f3 la quinta edici\u00f3n de la carrera \u00abMerlo Corre por Malvinas\u00bb, donde participaron 11.500 personas de diferentes edades. La iniciativa fue impulsada por la Subsecretar\u00eda de Deportes local.<\/p>\n\n\n\n<p>\u00abCon esta carrera y con numerosas actividades educativas, deportivas y culturales que realizamos desde el Municipio, reafirmamos el compromiso que tenemos con la causa de Malvinas y los Veteranos de la guerra. Es un \u00e9xito esta gran convocatoria tanto de chicos como adultos\u00bb, sostuvo el intendente Gustavo Men\u00e9ndez.<\/p>\n\n\n\n<p>\u00abLa quinta edici\u00f3n de la carrera convoc\u00f3 a personas de todo el pa\u00eds y eso nos llena de orgullo porque gracias al deporte logramos malvinizar\u00bb, dijo el subsecretario de deportes, Mauro Schmahl.<\/p>\n\n\n\n<p>La carrera cont\u00f3 con las modalidades de 10k (los ganadores fueron Dante Mansilla en masculino y Mariana Borda en femenino), 3k y 1k.<\/p>\n\n\n\n<p>Los participantes llevaron alimentos no perecederos, los cuales ser\u00e1n distribuidos en comedores, merenderos y personas en situaci\u00f3n de vulnerabilidad.<\/p>\n\n\n\n<p>Como todos los a\u00f1os, se dispusieron puestos de atenci\u00f3n m\u00e9dica, stands de hidrataci\u00f3n y frutas para los corredores, colaboraron equipos de Defensa Civil, Tr\u00e1nsito, Protecci\u00f3n Ciudadana, Bomberos Voluntarios de Merlo y todas las \u00e1reas municipales trabajaron de forma conjunta para garantizar una jornada segura y ordenada.<\/p>\n\n\n\n<figure class=\"wp-block-embed is-type-wp-embed is-provider-sector-prensa wp-block-embed-sector-prensa\"><div class=\"wp-block-embed__wrapper\">\n<blockquote class=\"wp-embedded-content\" data-secret=\"6fgTsKFIjv\"><a href=\"https:\/\/sectorprensa.com.ar\/?p=82602\">Merlo: vecinos participaron de audici\u00f3n de tango<\/a><\/blockquote><iframe loading=\"lazy\" class=\"wp-embedded-content\" sandbox=\"allow-scripts\" security=\"restricted\" style=\"position: absolute; visibility: hidden;\" title=\"\u00abMerlo: vecinos participaron de audici\u00f3n de tango\u00bb \u2014 Sector Prensa\" src=\"https:\/\/sectorprensa.com.ar\/?p=82602&#038;embed=true#?secret=14SUXA19aV#?secret=6fgTsKFIjv\" data-secret=\"6fgTsKFIjv\" width=\"600\" height=\"338\" frameborder=\"0\" marginwidth=\"0\" marginheight=\"0\" scrolling=\"no\"><\/iframe>\n<\/div><\/figure>\n","protected":false},"excerpt":{"rendered":"<p>Miles de vecinos fueron parte de la quinta edici\u00f3n de la carrera solidaria, que cont\u00f3 con tres modalidades. En el<\/p>\n","protected":false},"author":13,"featured_media":82690,"comment_status":"closed","ping_status":"","sticky":false,"template":"","format":"standard","meta":{"colormag_page_container_layout":"default_layout","colormag_page_sidebar_layout":"default_layout","footnotes":""},"categories":[17,7,1173],"tags":[25,9762],"class_list":["post-82687","post","type-post","status-publish","format-standard","has-post-thumbnail","hentry","category-destacadas","category-merlo","category-municipales","tag-merlo","tag-merlo-corre-por-malvinas"],"_links":{"self":[{"href":"https:\/\/sectorprensa.com.ar\/index.php?rest_route=\/wp\/v2\/posts\/82687","targetHints":{"allow":["GET"]}}],"collection":[{"href":"https:\/\/sectorprensa.com.ar\/index.php?rest_route=\/wp\/v2\/posts"}],"about":[{"href":"https:\/\/sectorprensa.com.ar\/index.php?rest_route=\/wp\/v2\/types\/post"}],"author":[{"embeddable":true,"href":"https:\/\/sectorprensa.com.ar\/index.php?rest_route=\/wp\/v2\/users\/13"}],"replies":[{"embeddable":true,"href":"https:\/\/sectorprensa.com.ar\/index.php?rest_route=%2Fwp%2Fv2%2Fcomments&post=82687"}],"version-history":[{"count":1,"href":"https:\/\/sectorprensa.com.ar\/index.php?rest_route=\/wp\/v2\/posts\/82687\/revisions"}],"predecessor-version":[{"id":82706,"href":"https:\/\/sectorprensa.com.ar\/index.php?rest_route=\/wp\/v2\/posts\/82687\/revisions\/82706"}],"wp:featuredmedia":[{"embeddable":true,"href":"https:\/\/sectorprensa.com.ar\/index.php?rest_route=\/wp\/v2\/media\/82690"}],"wp:attachment":[{"href":"https:\/\/sectorprensa.com.ar\/index.php?rest_route=%2Fwp%2Fv2%2Fmedia&parent=82687"}],"wp:term":[{"taxonomy":"category","embeddable":true,"href":"https:\/\/sectorprensa.com.ar\/index.php?rest_route=%2Fwp%2Fv2%2Fcategories&post=82687"},{"taxonomy":"post_tag","embeddable":true,"href":"https:\/\/sectorprensa.com.ar\/index.php?rest_route=%2Fwp%2Fv2%2Ftags&post=82687"}],"curies":[{"name":"wp","href":"https:\/\/api.w.org\/{rel}","templated":true}]}}