{"id":82691,"date":"2026-04-28T09:23:25","date_gmt":"2026-04-28T12:23:25","guid":{"rendered":"https:\/\/sectorprensa.com.ar\/?p=82691"},"modified":"2026-04-28T09:23:25","modified_gmt":"2026-04-28T12:23:25","slug":"avanza-la-renovacion-del-mercado-municipal-de-moron","status":"publish","type":"post","link":"https:\/\/sectorprensa.com.ar\/?p=82691","title":{"rendered":"Avanza la renovaci\u00f3n del Mercado Municipal de Mor\u00f3n"},"content":{"rendered":"\n<p><strong>Se iniciaron trabajos de mejora que incluyen refacciones, ingreso de nuevos locales y m\u00e1s ofertas y promociones. Por las tareas de remodelaci\u00f3n el establecimiento estar\u00e1 cerrado el pr\u00f3ximo jueves 30 y viernes 1 de mayo.<\/strong><\/p>\n\n\n\n<p>Durante mayo, el Municipio de Mor\u00f3n prev\u00e9 lanzar un renovado Mercado Municipal (Av. Per\u00f3n 3883, ex Gaona, El Palomar) en el marco de su tercer aniversario. La iniciativa incluye mejoras de infraestructura y la llegada de m\u00e1s promociones, con precios muy competitivos y la mejor calidad de productos directos de productores y mayoristas.<\/p>\n\n\n\n<p>El Municipio ya inici\u00f3 las tareas de remodelaci\u00f3n del espacio y por ese motivo el Mercado permanecer\u00e1 cerrado al p\u00fablico el pr\u00f3ximo jueves 30 de abril y viernes 1 de mayo, retomando la actividad el s\u00e1bado en su horario habitual de 8 a 17 hs.<\/p>\n\n\n\n<p>El objetivo de estos trabajos es reposicionar al mercado municipal como referencia local, mejorando tanto la oferta comercial como la experiencia de quienes lo visitan. El proyecto contempla una serie de acciones estrat\u00e9gicas. En materia de infraestructura, se llevar\u00e1 adelante una puesta en valor del predio con trabajos de pintura general, renovaci\u00f3n del estacionamiento y diferentes mejoras.<\/p>\n\n\n\n<p>A su vez, se avanzar\u00e1 en un reordenamiento comercial mediante la incorporaci\u00f3n de nuevos operadores, adem\u00e1s de mejores precios, stock y abastecimiento, garantizando calidad y mayor variedad.<\/p>\n\n\n\n<p>El Mercado Municipal de Mor\u00f3n est\u00e1 abierto de lunes a s\u00e1bados de 8 a 17 hs y domingos de 9 a 13 hs. El espacio cuenta con rubros como carnicer\u00eda, pescader\u00eda, panificados, productos de almac\u00e9n, frutas y verduras, pastas frescas, l\u00e1cteos, productos sin TACC y veganos, y art\u00edculos de limpieza. Adem\u00e1s, ofrece indumentaria textil, calzado y marroquiner\u00eda de emprendimientos nucleados en la Marca EME, creada por el municipio.<\/p>\n","protected":false},"excerpt":{"rendered":"<p>Se iniciaron trabajos de mejora que incluyen refacciones, ingreso de nuevos locales y m\u00e1s ofertas y promociones. Por las tareas<\/p>\n","protected":false},"author":14,"featured_media":82692,"comment_status":"closed","ping_status":"","sticky":false,"template":"","format":"standard","meta":{"colormag_page_container_layout":"default_layout","colormag_page_sidebar_layout":"default_layout","footnotes":""},"categories":[6828,5,1173,10],"tags":[],"class_list":["post-82691","post","type-post","status-publish","format-standard","has-post-thumbnail","hentry","category-mas-destacadas","category-moron","category-municipales","category-sociedad"],"_links":{"self":[{"href":"https:\/\/sectorprensa.com.ar\/index.php?rest_route=\/wp\/v2\/posts\/82691","targetHints":{"allow":["GET"]}}],"collection":[{"href":"https:\/\/sectorprensa.com.ar\/index.php?rest_route=\/wp\/v2\/posts"}],"about":[{"href":"https:\/\/sectorprensa.com.ar\/index.php?rest_route=\/wp\/v2\/types\/post"}],"author":[{"embeddable":true,"href":"https:\/\/sectorprensa.com.ar\/index.php?rest_route=\/wp\/v2\/users\/14"}],"replies":[{"embeddable":true,"href":"https:\/\/sectorprensa.com.ar\/index.php?rest_route=%2Fwp%2Fv2%2Fcomments&post=82691"}],"version-history":[{"count":1,"href":"https:\/\/sectorprensa.com.ar\/index.php?rest_route=\/wp\/v2\/posts\/82691\/revisions"}],"predecessor-version":[{"id":82693,"href":"https:\/\/sectorprensa.com.ar\/index.php?rest_route=\/wp\/v2\/posts\/82691\/revisions\/82693"}],"wp:featuredmedia":[{"embeddable":true,"href":"https:\/\/sectorprensa.com.ar\/index.php?rest_route=\/wp\/v2\/media\/82692"}],"wp:attachment":[{"href":"https:\/\/sectorprensa.com.ar\/index.php?rest_route=%2Fwp%2Fv2%2Fmedia&parent=82691"}],"wp:term":[{"taxonomy":"category","embeddable":true,"href":"https:\/\/sectorprensa.com.ar\/index.php?rest_route=%2Fwp%2Fv2%2Fcategories&post=82691"},{"taxonomy":"post_tag","embeddable":true,"href":"https:\/\/sectorprensa.com.ar\/index.php?rest_route=%2Fwp%2Fv2%2Ftags&post=82691"}],"curies":[{"name":"wp","href":"https:\/\/api.w.org\/{rel}","templated":true}]}}