{"id":82703,"date":"2026-04-27T19:53:01","date_gmt":"2026-04-27T22:53:01","guid":{"rendered":"https:\/\/sectorprensa.com.ar\/?p=82703"},"modified":"2026-04-27T19:53:01","modified_gmt":"2026-04-27T22:53:01","slug":"san-justo-un-delincuente-murio-y-otro-fue-detenido-tras-una-persecucion-por-una-entradera","status":"publish","type":"post","link":"https:\/\/sectorprensa.com.ar\/?p=82703","title":{"rendered":"San Justo: un delincuente muri\u00f3 y otro fue detenido tras una persecuci\u00f3n por una entradera"},"content":{"rendered":"\n<p><strong>El hecho comenz\u00f3 con un robo en una vivienda y deriv\u00f3 en una fuga que incluy\u00f3 choque, disparos y un operativo policial. La Justicia investiga si hubo enfrentamiento armado.<\/strong><\/p>\n\n\n\n<p>Un delincuente muri\u00f3 y otro fue detenido luego de una persecuci\u00f3n que se desat\u00f3 tras una entradera en una vivienda de la localidad de San Justo, en el partido de La Matanza. El episodio ocurri\u00f3 este lunes por la ma\u00f1ana y es investigado por la fiscal\u00eda, que intenta determinar c\u00f3mo se produjo el desenlace.<\/p>\n\n\n\n<p>El hecho se inici\u00f3 cuando al menos tres asaltantes ingresaron a la casa de una mujer de 46 a\u00f1os, ubicada sobre la calle Pasteur al 4300. Tras concretar el robo, escaparon en un Volkswagen Gol Trend, pero fueron detectados por efectivos del Comando de Patrullas Centro, que advirtieron movimientos sospechosos y comenzaron a seguirlos.<\/p>\n\n\n\n<p>Al llegar a la intersecci\u00f3n de Per\u00fa y La Rioja, los sospechosos abandonaron el veh\u00edculo y continuaron la fuga a pie. Minutos despu\u00e9s abordaron un Peugeot 207 negro, pero el intento de escape termin\u00f3 cuando el auto choc\u00f3, lo que permiti\u00f3 la detenci\u00f3n de uno de los implicados, identificado como Joel Alexis Zelewski, de 24 a\u00f1os.<\/p>\n\n\n\n<p>Mientras tanto, los otros dos sospechosos siguieron corriendo y, seg\u00fan la versi\u00f3n policial, en ese momento se produjo un enfrentamiento armado. Uno de ellos, Kevin Igor Espinoza, de 26 a\u00f1os, fue encontrado con una herida de bala y trasladado al Hospital Balestrini, donde ingres\u00f3 sin vida.<\/p>\n\n\n\n<p>La causa qued\u00f3 a cargo del fiscal Adri\u00e1n Arribas, quien orden\u00f3 pericias a la Polic\u00eda Federal para esclarecer las circunstancias del hecho y establecer si existi\u00f3 un intercambio de disparos. Por el momento, no se adoptaron medidas contra el efectivo que intervino, mientras que un tercer sospechoso permanece pr\u00f3fugo.<\/p>\n","protected":false},"excerpt":{"rendered":"<p>El hecho comenz\u00f3 con un robo en una vivienda y deriv\u00f3 en una fuga que incluy\u00f3 choque, disparos y un<\/p>\n","protected":false},"author":14,"featured_media":82704,"comment_status":"closed","ping_status":"","sticky":false,"template":"","format":"standard","meta":{"colormag_page_container_layout":"default_layout","colormag_page_sidebar_layout":"default_layout","footnotes":""},"categories":[17,12],"tags":[],"class_list":["post-82703","post","type-post","status-publish","format-standard","has-post-thumbnail","hentry","category-destacadas","category-policiales"],"_links":{"self":[{"href":"https:\/\/sectorprensa.com.ar\/index.php?rest_route=\/wp\/v2\/posts\/82703","targetHints":{"allow":["GET"]}}],"collection":[{"href":"https:\/\/sectorprensa.com.ar\/index.php?rest_route=\/wp\/v2\/posts"}],"about":[{"href":"https:\/\/sectorprensa.com.ar\/index.php?rest_route=\/wp\/v2\/types\/post"}],"author":[{"embeddable":true,"href":"https:\/\/sectorprensa.com.ar\/index.php?rest_route=\/wp\/v2\/users\/14"}],"replies":[{"embeddable":true,"href":"https:\/\/sectorprensa.com.ar\/index.php?rest_route=%2Fwp%2Fv2%2Fcomments&post=82703"}],"version-history":[{"count":1,"href":"https:\/\/sectorprensa.com.ar\/index.php?rest_route=\/wp\/v2\/posts\/82703\/revisions"}],"predecessor-version":[{"id":82705,"href":"https:\/\/sectorprensa.com.ar\/index.php?rest_route=\/wp\/v2\/posts\/82703\/revisions\/82705"}],"wp:featuredmedia":[{"embeddable":true,"href":"https:\/\/sectorprensa.com.ar\/index.php?rest_route=\/wp\/v2\/media\/82704"}],"wp:attachment":[{"href":"https:\/\/sectorprensa.com.ar\/index.php?rest_route=%2Fwp%2Fv2%2Fmedia&parent=82703"}],"wp:term":[{"taxonomy":"category","embeddable":true,"href":"https:\/\/sectorprensa.com.ar\/index.php?rest_route=%2Fwp%2Fv2%2Fcategories&post=82703"},{"taxonomy":"post_tag","embeddable":true,"href":"https:\/\/sectorprensa.com.ar\/index.php?rest_route=%2Fwp%2Fv2%2Ftags&post=82703"}],"curies":[{"name":"wp","href":"https:\/\/api.w.org\/{rel}","templated":true}]}}