{"id":82709,"date":"2026-04-27T23:14:15","date_gmt":"2026-04-28T02:14:15","guid":{"rendered":"https:\/\/sectorprensa.com.ar\/?p=82709"},"modified":"2026-04-27T23:14:15","modified_gmt":"2026-04-28T02:14:15","slug":"amba-las-camaras-de-transporte-publico-se-declararon-en-estado-de-emergencia","status":"publish","type":"post","link":"https:\/\/sectorprensa.com.ar\/?p=82709","title":{"rendered":"AMBA: las c\u00e1maras de transporte p\u00fablico se declararon en estado de emergencia"},"content":{"rendered":"\n<h6 class=\"wp-block-heading\"><strong>Adem\u00e1s, reclaman la falta de respuesta por parte del gobierno nacional y bonaerense. La Secretar\u00eda de Transporte de la Naci\u00f3n convoc\u00f3 a una reuni\u00f3n para fin de mes.<\/strong><\/h6>\n\n\n\n<p>Ante las dudas y la falta de respuestas por parte del gobierno nacional y bonaerense sobre c\u00f3mo afrontar el aumento de los costos operativos, sobre todo la suba del gasoil, las c\u00e1maras del transporte p\u00fablico automotor del AMBA declararon el estado de emergencia. Vale recordar, hubo d\u00edas en que los servicios fueron interrumpidos en las \u00faltimas semanas.<\/p>\n\n\n\n<p>A trav\u00e9s de un comunicado, se\u00f1alaron que llevaron a cabo medidas durante todos estos d\u00edas para la nacionalizaci\u00f3n del servicio, pero no recibieron noticias sobre la compensaci\u00f3n. Adem\u00e1s, remarcaron que la situaci\u00f3n se torna cada vez m\u00e1s cr\u00edtica.<\/p>\n\n\n\n<p>Seg\u00fan indicaron, la falta de respuestas se da incluso despu\u00e9s de gestiones oficiales para cancelar parcialmente deudas en concepto de compensaciones \u2014que, aseguran, superan los $128 mil millones\u2014 y de m\u00faltiples instancias de di\u00e1logo en las que se presentaron propuestas para mejorar la eficiencia del sistema. Sin embargo, sostienen que hasta el momento no se tradujeron en soluciones efectivas.<\/p>\n\n\n\n<p>Las empresas alertaron que continuar con este panorama es \u00abinsostenible\u00bb y, en caso de no encontrar una soluci\u00f3n en el corto plazo, volver\u00e1n con las acciones de nacionalizaci\u00f3n, lo que tendr\u00e1 impacto en la prestaci\u00f3n del servicio. Por su parte, las c\u00e1maras revelaron que mantendr\u00e1n una reuni\u00f3n el 30 de abril con la Secretar\u00eda de Transporte.<\/p>\n\n\n\n<p>El comunicado lleva la firma de la C\u00e1mara del Transporte de la Provincia de Buenos Aires (CTPBA), la C\u00e1mara Empresaria de Autotransporte de Pasajeros (CEAP), la C\u00e1mara Empresaria del Transporte Urbano de Buenos Aires (CETUBA) y la C\u00e1mara de Empresarios Unidos del Transporte Urbano de Pasajeros de Buenos Aires (CEUTUPBA).<\/p>\n\n\n\n<figure class=\"wp-block-embed is-type-wp-embed is-provider-sector-prensa wp-block-embed-sector-prensa\"><div class=\"wp-block-embed__wrapper\">\n<blockquote class=\"wp-embedded-content\" data-secret=\"7kqiY9J1hU\"><a href=\"https:\/\/sectorprensa.com.ar\/?p=82670\">Ordenan ejecutar bienes de Cristina Kirchner y otros condenados en la Causa Vialidad<\/a><\/blockquote><iframe loading=\"lazy\" class=\"wp-embedded-content\" sandbox=\"allow-scripts\" security=\"restricted\" style=\"position: absolute; visibility: hidden;\" title=\"\u00abOrdenan ejecutar bienes de Cristina Kirchner y otros condenados en la Causa Vialidad\u00bb \u2014 Sector Prensa\" src=\"https:\/\/sectorprensa.com.ar\/?p=82670&#038;embed=true#?secret=avjtQBBuid#?secret=7kqiY9J1hU\" data-secret=\"7kqiY9J1hU\" width=\"600\" height=\"338\" frameborder=\"0\" marginwidth=\"0\" marginheight=\"0\" scrolling=\"no\"><\/iframe>\n<\/div><\/figure>\n","protected":false},"excerpt":{"rendered":"<p>Adem\u00e1s, reclaman la falta de respuesta por parte del gobierno nacional y bonaerense. La Secretar\u00eda de Transporte de la Naci\u00f3n<\/p>\n","protected":false},"author":13,"featured_media":82708,"comment_status":"closed","ping_status":"","sticky":false,"template":"","format":"standard","meta":{"colormag_page_container_layout":"default_layout","colormag_page_sidebar_layout":"default_layout","footnotes":""},"categories":[17,8,18],"tags":[2052,4625],"class_list":["post-82709","post","type-post","status-publish","format-standard","has-post-thumbnail","hentry","category-destacadas","category-politica","category-provincia","tag-amba","tag-transporte-publico"],"_links":{"self":[{"href":"https:\/\/sectorprensa.com.ar\/index.php?rest_route=\/wp\/v2\/posts\/82709","targetHints":{"allow":["GET"]}}],"collection":[{"href":"https:\/\/sectorprensa.com.ar\/index.php?rest_route=\/wp\/v2\/posts"}],"about":[{"href":"https:\/\/sectorprensa.com.ar\/index.php?rest_route=\/wp\/v2\/types\/post"}],"author":[{"embeddable":true,"href":"https:\/\/sectorprensa.com.ar\/index.php?rest_route=\/wp\/v2\/users\/13"}],"replies":[{"embeddable":true,"href":"https:\/\/sectorprensa.com.ar\/index.php?rest_route=%2Fwp%2Fv2%2Fcomments&post=82709"}],"version-history":[{"count":1,"href":"https:\/\/sectorprensa.com.ar\/index.php?rest_route=\/wp\/v2\/posts\/82709\/revisions"}],"predecessor-version":[{"id":82710,"href":"https:\/\/sectorprensa.com.ar\/index.php?rest_route=\/wp\/v2\/posts\/82709\/revisions\/82710"}],"wp:featuredmedia":[{"embeddable":true,"href":"https:\/\/sectorprensa.com.ar\/index.php?rest_route=\/wp\/v2\/media\/82708"}],"wp:attachment":[{"href":"https:\/\/sectorprensa.com.ar\/index.php?rest_route=%2Fwp%2Fv2%2Fmedia&parent=82709"}],"wp:term":[{"taxonomy":"category","embeddable":true,"href":"https:\/\/sectorprensa.com.ar\/index.php?rest_route=%2Fwp%2Fv2%2Fcategories&post=82709"},{"taxonomy":"post_tag","embeddable":true,"href":"https:\/\/sectorprensa.com.ar\/index.php?rest_route=%2Fwp%2Fv2%2Ftags&post=82709"}],"curies":[{"name":"wp","href":"https:\/\/api.w.org\/{rel}","templated":true}]}}