{"id":82714,"date":"2026-04-28T18:12:18","date_gmt":"2026-04-28T21:12:18","guid":{"rendered":"https:\/\/sectorprensa.com.ar\/?p=82714"},"modified":"2026-04-28T18:12:18","modified_gmt":"2026-04-28T21:12:18","slug":"la-confianza-de-los-ciudadanos-en-el-gobierno-sigue-en-retroceso","status":"publish","type":"post","link":"https:\/\/sectorprensa.com.ar\/?p=82714","title":{"rendered":"La confianza de los ciudadanos en el gobierno sigue en retroceso"},"content":{"rendered":"\n<h6 class=\"wp-block-heading\"><strong>La Universidad Torcuato Di Tella realiz\u00f3 su medici\u00f3n mensual y se registr\u00f3 una nueva ca\u00edda en abril, siendo el quinto mes consecutivo en bajada. El \u00faltimo mes del crecimiento en la confianza fue en noviembre.<\/strong><\/h6>\n\n\n\n<p>Como todos los meses, la Escuela de Gobierno de la Universidad Torcuato Di Tella realiz\u00f3 la medici\u00f3n del \u00cdndice de Confianza en el Gobierno, y el mismo arroj\u00f3 un brusco descenso en abril. La ca\u00edda fue del 12,1%, registrando el quinto mes consecutivo que desciende.<\/p>\n\n\n\n<p>La escala va de 0 a 5 puntos. En el presente mes, el ICG fue de 2,02, representando una disminuci\u00f3n del 12,1% con respecto a marzo. Por otra parte, es un 2,1% m\u00e1s bajo que abril de 2018 (durante el gobierno de Mauricio Macri) y 40,9% mayor al mismo per\u00edodo de 2022, en la presidencia de Alberto Fern\u00e1ndez.<\/p>\n\n\n\n<p>La ca\u00edda de la confianza en el Gobierno ya se hab\u00eda expresado en marzo cuando baj\u00f3 -2,30 puntos, un porcentaje que se suma a los retrocesos de febrero -0,6%, enero -2,8%, y diciembre -2,46.<\/p>\n\n\n\n<p>El \u00faltimo mes de crecimiento fue en noviembre del a\u00f1o pasado, luego del triunfo en las elecciones legislativas nacionales, la suba fue del 2,47%, un 17,5% respecto de octubre. Sin embargo, si se comparaba con noviembre de 2017, gesti\u00f3n de Macri, era un 16,8% menor.<\/p>\n\n\n\n<figure class=\"wp-block-embed is-type-wp-embed is-provider-sector-prensa wp-block-embed-sector-prensa\"><div class=\"wp-block-embed__wrapper\">\n<blockquote class=\"wp-embedded-content\" data-secret=\"4LvQ0Js4tM\"><a href=\"https:\/\/sectorprensa.com.ar\/?p=82711\">Milei repudi\u00f3 \u201cel intento de asesinato\u201d a Trump y dijo que la inflaci\u00f3n \u201cser\u00e1 derrotada\u201d<\/a><\/blockquote><iframe loading=\"lazy\" class=\"wp-embedded-content\" sandbox=\"allow-scripts\" security=\"restricted\" style=\"position: absolute; visibility: hidden;\" title=\"\u00abMilei repudi\u00f3 \u201cel intento de asesinato\u201d a Trump y dijo que la inflaci\u00f3n \u201cser\u00e1 derrotada\u201d\u00bb \u2014 Sector Prensa\" src=\"https:\/\/sectorprensa.com.ar\/?p=82711&#038;embed=true#?secret=ryP19I2Jve#?secret=4LvQ0Js4tM\" data-secret=\"4LvQ0Js4tM\" width=\"600\" height=\"338\" frameborder=\"0\" marginwidth=\"0\" marginheight=\"0\" scrolling=\"no\"><\/iframe>\n<\/div><\/figure>\n","protected":false},"excerpt":{"rendered":"<p>La Universidad Torcuato Di Tella realiz\u00f3 su medici\u00f3n mensual y se registr\u00f3 una nueva ca\u00edda en abril, siendo el quinto<\/p>\n","protected":false},"author":13,"featured_media":82724,"comment_status":"closed","ping_status":"","sticky":false,"template":"","format":"standard","meta":{"colormag_page_container_layout":"default_layout","colormag_page_sidebar_layout":"default_layout","footnotes":""},"categories":[6828,8],"tags":[6221,9174],"class_list":["post-82714","post","type-post","status-publish","format-standard","has-post-thumbnail","hentry","category-mas-destacadas","category-politica","tag-javier-milei","tag-universidad-torcuato-di-tella"],"_links":{"self":[{"href":"https:\/\/sectorprensa.com.ar\/index.php?rest_route=\/wp\/v2\/posts\/82714","targetHints":{"allow":["GET"]}}],"collection":[{"href":"https:\/\/sectorprensa.com.ar\/index.php?rest_route=\/wp\/v2\/posts"}],"about":[{"href":"https:\/\/sectorprensa.com.ar\/index.php?rest_route=\/wp\/v2\/types\/post"}],"author":[{"embeddable":true,"href":"https:\/\/sectorprensa.com.ar\/index.php?rest_route=\/wp\/v2\/users\/13"}],"replies":[{"embeddable":true,"href":"https:\/\/sectorprensa.com.ar\/index.php?rest_route=%2Fwp%2Fv2%2Fcomments&post=82714"}],"version-history":[{"count":1,"href":"https:\/\/sectorprensa.com.ar\/index.php?rest_route=\/wp\/v2\/posts\/82714\/revisions"}],"predecessor-version":[{"id":82725,"href":"https:\/\/sectorprensa.com.ar\/index.php?rest_route=\/wp\/v2\/posts\/82714\/revisions\/82725"}],"wp:featuredmedia":[{"embeddable":true,"href":"https:\/\/sectorprensa.com.ar\/index.php?rest_route=\/wp\/v2\/media\/82724"}],"wp:attachment":[{"href":"https:\/\/sectorprensa.com.ar\/index.php?rest_route=%2Fwp%2Fv2%2Fmedia&parent=82714"}],"wp:term":[{"taxonomy":"category","embeddable":true,"href":"https:\/\/sectorprensa.com.ar\/index.php?rest_route=%2Fwp%2Fv2%2Fcategories&post=82714"},{"taxonomy":"post_tag","embeddable":true,"href":"https:\/\/sectorprensa.com.ar\/index.php?rest_route=%2Fwp%2Fv2%2Ftags&post=82714"}],"curies":[{"name":"wp","href":"https:\/\/api.w.org\/{rel}","templated":true}]}}