{"id":82715,"date":"2026-04-28T16:33:09","date_gmt":"2026-04-28T19:33:09","guid":{"rendered":"https:\/\/sectorprensa.com.ar\/?p=82715"},"modified":"2026-04-28T18:21:32","modified_gmt":"2026-04-28T21:21:32","slug":"tragedia-en-el-palomar-una-beba-de-18-meses-murio-en-un-incendio-en-su-vivienda","status":"publish","type":"post","link":"https:\/\/sectorprensa.com.ar\/?p=82715","title":{"rendered":"Tragedia en El Palomar: una beba de 18 meses muri\u00f3 en un incendio en su vivienda"},"content":{"rendered":"\n<p><strong>El fuego se desat\u00f3 mientras la madre hab\u00eda salido a llevar a otro hijo a la escuela. Pese al intento de rescate de familiares y la r\u00e1pida llegada de los bomberos, la menor falleci\u00f3 en el lugar.<\/strong><\/p>\n\n\n\n<p>Una beba de 18 meses muri\u00f3 este martes como consecuencia de un incendio que se produjo en su casa en la localidad bonaerense de El Palomar, partido de Mor\u00f3n. El hecho ocurri\u00f3 en una vivienda ubicada sobre la calle Bergamini al 2100 y gener\u00f3 conmoci\u00f3n entre los vecinos.<\/p>\n\n\n\n<p>Seg\u00fan relataron fuentes del caso, el fuego se inici\u00f3 cuando la madre de la menor se hab\u00eda ausentado moment\u00e1neamente para llevar a otro de sus hijos al colegio, situado a pocas cuadras del domicilio. En ese contexto, las llamas comenzaron a propagarse dentro de la vivienda.<\/p>\n\n\n\n<p>Familiares de la ni\u00f1a intentaron rescatarla al advertir el incendio, pero no lograron ingresar debido a la intensidad del fuego, que r\u00e1pidamente tom\u00f3 distintos sectores de la casa e impidi\u00f3 el acceso.<\/p>\n\n\n\n<p>Al lugar acudieron dotaciones de bomberos tras el llamado de vecinos, quienes trabajaron para sofocar las llamas. Una vez controlado el incendio, se confirm\u00f3 que la menor hab\u00eda fallecido, tras quedar atrapada debajo de parte de la estructura que colaps\u00f3.<\/p>\n\n\n\n<p>La investigaci\u00f3n qued\u00f3 a cargo de la Fiscal\u00eda N\u00b0 8 de Mor\u00f3n, que orden\u00f3 pericias para determinar el origen del fuego y las circunstancias en las que se produjo el tr\u00e1gico hecho.<\/p>\n","protected":false},"excerpt":{"rendered":"<p>El fuego se desat\u00f3 mientras la madre hab\u00eda salido a llevar a otro hijo a la escuela. Pese al intento<\/p>\n","protected":false},"author":14,"featured_media":82716,"comment_status":"closed","ping_status":"","sticky":false,"template":"","format":"standard","meta":{"colormag_page_container_layout":"default_layout","colormag_page_sidebar_layout":"default_layout","footnotes":""},"categories":[17,5,12],"tags":[],"class_list":["post-82715","post","type-post","status-publish","format-standard","has-post-thumbnail","hentry","category-destacadas","category-moron","category-policiales"],"_links":{"self":[{"href":"https:\/\/sectorprensa.com.ar\/index.php?rest_route=\/wp\/v2\/posts\/82715","targetHints":{"allow":["GET"]}}],"collection":[{"href":"https:\/\/sectorprensa.com.ar\/index.php?rest_route=\/wp\/v2\/posts"}],"about":[{"href":"https:\/\/sectorprensa.com.ar\/index.php?rest_route=\/wp\/v2\/types\/post"}],"author":[{"embeddable":true,"href":"https:\/\/sectorprensa.com.ar\/index.php?rest_route=\/wp\/v2\/users\/14"}],"replies":[{"embeddable":true,"href":"https:\/\/sectorprensa.com.ar\/index.php?rest_route=%2Fwp%2Fv2%2Fcomments&post=82715"}],"version-history":[{"count":1,"href":"https:\/\/sectorprensa.com.ar\/index.php?rest_route=\/wp\/v2\/posts\/82715\/revisions"}],"predecessor-version":[{"id":82717,"href":"https:\/\/sectorprensa.com.ar\/index.php?rest_route=\/wp\/v2\/posts\/82715\/revisions\/82717"}],"wp:featuredmedia":[{"embeddable":true,"href":"https:\/\/sectorprensa.com.ar\/index.php?rest_route=\/wp\/v2\/media\/82716"}],"wp:attachment":[{"href":"https:\/\/sectorprensa.com.ar\/index.php?rest_route=%2Fwp%2Fv2%2Fmedia&parent=82715"}],"wp:term":[{"taxonomy":"category","embeddable":true,"href":"https:\/\/sectorprensa.com.ar\/index.php?rest_route=%2Fwp%2Fv2%2Fcategories&post=82715"},{"taxonomy":"post_tag","embeddable":true,"href":"https:\/\/sectorprensa.com.ar\/index.php?rest_route=%2Fwp%2Fv2%2Ftags&post=82715"}],"curies":[{"name":"wp","href":"https:\/\/api.w.org\/{rel}","templated":true}]}}