{"id":82719,"date":"2026-04-29T10:15:21","date_gmt":"2026-04-29T13:15:21","guid":{"rendered":"https:\/\/sectorprensa.com.ar\/?p=82719"},"modified":"2026-04-29T10:15:21","modified_gmt":"2026-04-29T13:15:21","slug":"luis-caputo-el-riesgo-kuka-es-cero","status":"publish","type":"post","link":"https:\/\/sectorprensa.com.ar\/?p=82719","title":{"rendered":"Luis Caputo: \u201cEl riesgo kuka es cero\u201d"},"content":{"rendered":"\n<p><strong>El ministro de Econom\u00eda alent\u00f3 a la gente a no dejarse \u201cpsicopatear\u201d por la oposici\u00f3n.<\/strong><\/p>\n\n\n\n<p>El ministro de Econom\u00eda, Luis Caputo, afirm\u00f3 que el \u201criesgo kuka\u201d hoy en la Argentina es \u201ccero\u201d y se\u00f1al\u00f3 que \u201cno hay ninguna posibilidad de volver al pasado\u201d.<\/p>\n\n\n\n<p>\u201cCreo que el riesgo kuka es cero. Lo hablo con los gobernadores peronistas. Hoy no quieren ni ver a los kirchneristas. No hay ninguna posibilidad de volver al pasado\u201d, manifest\u00f3 durante su exposici\u00f3n en la apertura de la edici\u00f3n 2026 de ExpoEFI (Econom\u00eda + Finanzas + Inversiones), celebrada en el centro de Convenciones de Buenos Aires.<\/p>\n\n\n\n<p>El funcionario indic\u00f3 que el pa\u00eds est\u00e1 viviendo \u201cun cambio hist\u00f3rico\u201d, a pesar de que algunos \u201cquieren hacer creer que la mayor\u00eda de los argentinos votar\u00eda eso\u201d, en relaci\u00f3n al kirchnerismo.<\/p>\n\n\n\n<p>\u201cPara los que quieren hacer creer que hay alguna posibilidad de volver al pasado, al kirchnerismo, tiene que tener un cierto grado de credibilidad. El nivel de subestimaci\u00f3n a la gente es impactante\u201d, critic\u00f3.<\/p>\n\n\n\n<p>En ese sentido, el titular del Palacio de Hacienda se pregunt\u00f3: \u201c\u00bfAlguien en su sano juicio, sin sesgo y sin intereses, puede creer que puede volver el kirchnerismo a la Argentina?\u201d<\/p>\n\n\n\n<p>Caputo dijo que volver a la anterior administraci\u00f3n conllevar\u00eda volver a tener \u201cuna inflaci\u00f3n del 1,5% diario, desabastecimiento, gerentes de la pobreza, brecha del 200%, piquetes y pobreza arriba del 50%\u201d. \u201cEs tomar a la gente por est\u00fapida\u201d, advirti\u00f3.<\/p>\n\n\n\n<p>Frente a esto, ratific\u00f3 que la gente no debe dejarse \u201cpsicopatear por los kukas o por lo que se est\u00e1 tratando de instalar\u201d y destac\u00f3 los avances que tendr\u00e1 el pa\u00eds de cumplirse con las proyecciones del Fondo Monetario Internacional (FMI).<\/p>\n\n\n\n<p>\u201cEstamos hablando de un pa\u00eds que, si se cumplen las predicciones del FMI, vamos a haber crecido casi al 20% punta a punta desde 2023 a 2027. Vamos hacia un pa\u00eds que va a ser el ejemplo en el mundo\u201d.<\/p>\n\n\n\n<p>Por \u00faltimo, asegur\u00f3 que hoy \u201cel riesgo hay que pensarlo diferente\u201d y afirm\u00f3 que \u201cel downside es perderse la oportunidad de invertir en el pa\u00eds que m\u00e1s va a crecer en los pr\u00f3ximos 30 a\u00f1os\u201d.<\/p>\n","protected":false},"excerpt":{"rendered":"<p>El ministro de Econom\u00eda alent\u00f3 a la gente a no dejarse \u201cpsicopatear\u201d por la oposici\u00f3n. El ministro de Econom\u00eda, Luis<\/p>\n","protected":false},"author":14,"featured_media":82720,"comment_status":"closed","ping_status":"","sticky":false,"template":"","format":"standard","meta":{"colormag_page_container_layout":"default_layout","colormag_page_sidebar_layout":"default_layout","footnotes":""},"categories":[17,8],"tags":[],"class_list":["post-82719","post","type-post","status-publish","format-standard","has-post-thumbnail","hentry","category-destacadas","category-politica"],"_links":{"self":[{"href":"https:\/\/sectorprensa.com.ar\/index.php?rest_route=\/wp\/v2\/posts\/82719","targetHints":{"allow":["GET"]}}],"collection":[{"href":"https:\/\/sectorprensa.com.ar\/index.php?rest_route=\/wp\/v2\/posts"}],"about":[{"href":"https:\/\/sectorprensa.com.ar\/index.php?rest_route=\/wp\/v2\/types\/post"}],"author":[{"embeddable":true,"href":"https:\/\/sectorprensa.com.ar\/index.php?rest_route=\/wp\/v2\/users\/14"}],"replies":[{"embeddable":true,"href":"https:\/\/sectorprensa.com.ar\/index.php?rest_route=%2Fwp%2Fv2%2Fcomments&post=82719"}],"version-history":[{"count":2,"href":"https:\/\/sectorprensa.com.ar\/index.php?rest_route=\/wp\/v2\/posts\/82719\/revisions"}],"predecessor-version":[{"id":82722,"href":"https:\/\/sectorprensa.com.ar\/index.php?rest_route=\/wp\/v2\/posts\/82719\/revisions\/82722"}],"wp:featuredmedia":[{"embeddable":true,"href":"https:\/\/sectorprensa.com.ar\/index.php?rest_route=\/wp\/v2\/media\/82720"}],"wp:attachment":[{"href":"https:\/\/sectorprensa.com.ar\/index.php?rest_route=%2Fwp%2Fv2%2Fmedia&parent=82719"}],"wp:term":[{"taxonomy":"category","embeddable":true,"href":"https:\/\/sectorprensa.com.ar\/index.php?rest_route=%2Fwp%2Fv2%2Fcategories&post=82719"},{"taxonomy":"post_tag","embeddable":true,"href":"https:\/\/sectorprensa.com.ar\/index.php?rest_route=%2Fwp%2Fv2%2Ftags&post=82719"}],"curies":[{"name":"wp","href":"https:\/\/api.w.org\/{rel}","templated":true}]}}