{"id":82726,"date":"2026-04-28T18:42:53","date_gmt":"2026-04-28T21:42:53","guid":{"rendered":"https:\/\/sectorprensa.com.ar\/?p=82726"},"modified":"2026-04-28T18:42:53","modified_gmt":"2026-04-28T21:42:53","slug":"merlo-exposicion-internacional-de-pintura","status":"publish","type":"post","link":"https:\/\/sectorprensa.com.ar\/?p=82726","title":{"rendered":"Merlo: exposici\u00f3n internacional de pintura"},"content":{"rendered":"\n<h6 class=\"wp-block-heading\"><strong>El evento se desarroll\u00f3 en la Casa de la Cultura. Los vecinos pudieron disfrutar de obras de artistas latinoamericanos y espa\u00f1oles.<\/strong><\/h6>\n\n\n\n<p>La Casa de la Cultura de Merlo fue sede de la exposici\u00f3n de pinturas \u00abSemillas de Armon\u00eda\u00bb, evento con entrada libre y gratuita. All\u00ed, se exhibieron las obras de artistas como Diego Schmitt, Alba Fiore, Zulema Arguello Paz, M\u00f3nica Galante, Astrid Diez, Ana Leonor Telleria, Ra\u00fal Monz\u00f3n y Lidia Arce.<\/p>\n\n\n\n<p>El objetivo fue promover el intercambio cultural y el encuentro entre artistas y la comunidad, con pinturas que reflejaron diferentes identidades culturales y expresiones creativas, en una diversidad de estilos y miradas art\u00edsticas.<\/p>\n\n\n\n<figure class=\"wp-block-embed is-type-wp-embed is-provider-sector-prensa wp-block-embed-sector-prensa\"><div class=\"wp-block-embed__wrapper\">\n<blockquote class=\"wp-embedded-content\" data-secret=\"ZVZV15PG2H\"><a href=\"https:\/\/sectorprensa.com.ar\/?p=82687\">Merlo: m\u00e1s de 11 mil personas participaron de \u00abMerlo Corre por Malvinas\u00bb<\/a><\/blockquote><iframe loading=\"lazy\" class=\"wp-embedded-content\" sandbox=\"allow-scripts\" security=\"restricted\" style=\"position: absolute; visibility: hidden;\" title=\"\u00abMerlo: m\u00e1s de 11 mil personas participaron de \u00abMerlo Corre por Malvinas\u00bb\u00bb \u2014 Sector Prensa\" src=\"https:\/\/sectorprensa.com.ar\/?p=82687&#038;embed=true#?secret=Vq8folGYgm#?secret=ZVZV15PG2H\" data-secret=\"ZVZV15PG2H\" width=\"600\" height=\"338\" frameborder=\"0\" marginwidth=\"0\" marginheight=\"0\" scrolling=\"no\"><\/iframe>\n<\/div><\/figure>\n","protected":false},"excerpt":{"rendered":"<p>El evento se desarroll\u00f3 en la Casa de la Cultura. Los vecinos pudieron disfrutar de obras de artistas latinoamericanos y<\/p>\n","protected":false},"author":13,"featured_media":82727,"comment_status":"closed","ping_status":"","sticky":false,"template":"","format":"standard","meta":{"colormag_page_container_layout":"default_layout","colormag_page_sidebar_layout":"default_layout","footnotes":""},"categories":[9,17,7,1173],"tags":[9763,25],"class_list":["post-82726","post","type-post","status-publish","format-standard","has-post-thumbnail","hentry","category-cultura","category-destacadas","category-merlo","category-municipales","tag-exposicion-internacional-de-pintura","tag-merlo"],"_links":{"self":[{"href":"https:\/\/sectorprensa.com.ar\/index.php?rest_route=\/wp\/v2\/posts\/82726","targetHints":{"allow":["GET"]}}],"collection":[{"href":"https:\/\/sectorprensa.com.ar\/index.php?rest_route=\/wp\/v2\/posts"}],"about":[{"href":"https:\/\/sectorprensa.com.ar\/index.php?rest_route=\/wp\/v2\/types\/post"}],"author":[{"embeddable":true,"href":"https:\/\/sectorprensa.com.ar\/index.php?rest_route=\/wp\/v2\/users\/13"}],"replies":[{"embeddable":true,"href":"https:\/\/sectorprensa.com.ar\/index.php?rest_route=%2Fwp%2Fv2%2Fcomments&post=82726"}],"version-history":[{"count":1,"href":"https:\/\/sectorprensa.com.ar\/index.php?rest_route=\/wp\/v2\/posts\/82726\/revisions"}],"predecessor-version":[{"id":82733,"href":"https:\/\/sectorprensa.com.ar\/index.php?rest_route=\/wp\/v2\/posts\/82726\/revisions\/82733"}],"wp:featuredmedia":[{"embeddable":true,"href":"https:\/\/sectorprensa.com.ar\/index.php?rest_route=\/wp\/v2\/media\/82727"}],"wp:attachment":[{"href":"https:\/\/sectorprensa.com.ar\/index.php?rest_route=%2Fwp%2Fv2%2Fmedia&parent=82726"}],"wp:term":[{"taxonomy":"category","embeddable":true,"href":"https:\/\/sectorprensa.com.ar\/index.php?rest_route=%2Fwp%2Fv2%2Fcategories&post=82726"},{"taxonomy":"post_tag","embeddable":true,"href":"https:\/\/sectorprensa.com.ar\/index.php?rest_route=%2Fwp%2Fv2%2Ftags&post=82726"}],"curies":[{"name":"wp","href":"https:\/\/api.w.org\/{rel}","templated":true}]}}