{"id":82729,"date":"2026-04-29T10:15:51","date_gmt":"2026-04-29T13:15:51","guid":{"rendered":"https:\/\/sectorprensa.com.ar\/?p=82729"},"modified":"2026-04-29T10:22:36","modified_gmt":"2026-04-29T13:22:36","slug":"merlo-vivio-dos-jornadas-culturales-y-gastronomicas-con-ferias-y-shows-en-el-tejadito","status":"publish","type":"post","link":"https:\/\/sectorprensa.com.ar\/?p=82729","title":{"rendered":"Merlo vivi\u00f3 dos jornadas culturales y gastron\u00f3micas con ferias y shows en El Tejadito"},"content":{"rendered":"\n<p><strong>Vecinos disfrutaron de actividades al aire libre, propuestas de emprendedores locales y espect\u00e1culos musicales, con el cierre a cargo de \u201cLos del Fuego\u201d, en un evento que busc\u00f3 impulsar la econom\u00eda y el encuentro comunitario.<\/strong><\/p>\n\n\n\n<p>En una nueva edici\u00f3n de las Ferias REMAR y del Encuentro Cultural, los vecinos de Merlo disfrutaron de dos jornadas al aire libre en el Parque Municipal El Tejadito, con una amplia propuesta cultural, gastron\u00f3mica y recreativa.<\/p>\n\n\n\n<p>El evento reuni\u00f3 a emprendedoras merlenses que ofrecieron sus productos y artesan\u00edas al p\u00fablico, junto a una variada oferta de gastronom\u00eda local. Adem\u00e1s, durante ambas jornadas se realizaron actividades al aire libre, clases de zumba y espect\u00e1culos musicales que acompa\u00f1aron la feria.<\/p>\n\n\n\n<p>El cierre del domingo cont\u00f3 con la presentaci\u00f3n especial del grupo de cumbia \u201cLos del Fuego\u201d, quienes brindaron un show en vivo que convoc\u00f3 a numerosas familias y visitantes.<\/p>\n\n\n\n<p>La iniciativa cont\u00f3 con el acompa\u00f1amiento de la Uni\u00f3n Industrial de Merlo, que respalda estas propuestas orientadas a fortalecer el desarrollo productivo local y generar espacios de encuentro para la comunidad.<\/p>\n\n\n\n<p>\u201cDesde el Gobierno del Pueblo de Merlo continuamos trabajando para promover m\u00e1s oportunidades a los emprendedores, fortalecer la econom\u00eda local y acercar propuestas culturales y recreativas a las familias\u201d, remarcaron.<\/p>\n\n\n\n<figure class=\"wp-block-image size-full\"><img loading=\"lazy\" decoding=\"async\" width=\"864\" height=\"476\" src=\"https:\/\/sectorprensa.com.ar\/wp-content\/uploads\/2026\/04\/Captura-de-pantalla-2026-04-28-183105.png\" alt=\"\" class=\"wp-image-82731\" srcset=\"https:\/\/sectorprensa.com.ar\/wp-content\/uploads\/2026\/04\/Captura-de-pantalla-2026-04-28-183105.png 864w, https:\/\/sectorprensa.com.ar\/wp-content\/uploads\/2026\/04\/Captura-de-pantalla-2026-04-28-183105-300x165.png 300w, https:\/\/sectorprensa.com.ar\/wp-content\/uploads\/2026\/04\/Captura-de-pantalla-2026-04-28-183105-768x423.png 768w\" sizes=\"auto, (max-width: 864px) 100vw, 864px\" \/><\/figure>\n","protected":false},"excerpt":{"rendered":"<p>Vecinos disfrutaron de actividades al aire libre, propuestas de emprendedores locales y espect\u00e1culos musicales, con el cierre a cargo de<\/p>\n","protected":false},"author":14,"featured_media":82730,"comment_status":"closed","ping_status":"","sticky":false,"template":"","format":"standard","meta":{"colormag_page_container_layout":"default_layout","colormag_page_sidebar_layout":"default_layout","footnotes":""},"categories":[9,6828,7,1173,10],"tags":[],"class_list":["post-82729","post","type-post","status-publish","format-standard","has-post-thumbnail","hentry","category-cultura","category-mas-destacadas","category-merlo","category-municipales","category-sociedad"],"_links":{"self":[{"href":"https:\/\/sectorprensa.com.ar\/index.php?rest_route=\/wp\/v2\/posts\/82729","targetHints":{"allow":["GET"]}}],"collection":[{"href":"https:\/\/sectorprensa.com.ar\/index.php?rest_route=\/wp\/v2\/posts"}],"about":[{"href":"https:\/\/sectorprensa.com.ar\/index.php?rest_route=\/wp\/v2\/types\/post"}],"author":[{"embeddable":true,"href":"https:\/\/sectorprensa.com.ar\/index.php?rest_route=\/wp\/v2\/users\/14"}],"replies":[{"embeddable":true,"href":"https:\/\/sectorprensa.com.ar\/index.php?rest_route=%2Fwp%2Fv2%2Fcomments&post=82729"}],"version-history":[{"count":1,"href":"https:\/\/sectorprensa.com.ar\/index.php?rest_route=\/wp\/v2\/posts\/82729\/revisions"}],"predecessor-version":[{"id":82732,"href":"https:\/\/sectorprensa.com.ar\/index.php?rest_route=\/wp\/v2\/posts\/82729\/revisions\/82732"}],"wp:featuredmedia":[{"embeddable":true,"href":"https:\/\/sectorprensa.com.ar\/index.php?rest_route=\/wp\/v2\/media\/82730"}],"wp:attachment":[{"href":"https:\/\/sectorprensa.com.ar\/index.php?rest_route=%2Fwp%2Fv2%2Fmedia&parent=82729"}],"wp:term":[{"taxonomy":"category","embeddable":true,"href":"https:\/\/sectorprensa.com.ar\/index.php?rest_route=%2Fwp%2Fv2%2Fcategories&post=82729"},{"taxonomy":"post_tag","embeddable":true,"href":"https:\/\/sectorprensa.com.ar\/index.php?rest_route=%2Fwp%2Fv2%2Ftags&post=82729"}],"curies":[{"name":"wp","href":"https:\/\/api.w.org\/{rel}","templated":true}]}}