{"id":82735,"date":"2026-04-28T20:26:38","date_gmt":"2026-04-28T23:26:38","guid":{"rendered":"https:\/\/sectorprensa.com.ar\/?p=82735"},"modified":"2026-04-28T20:26:38","modified_gmt":"2026-04-28T23:26:38","slug":"las-universidades-siguen-abiertas","status":"publish","type":"post","link":"https:\/\/sectorprensa.com.ar\/?p=82735","title":{"rendered":"\u00abLas universidades siguen abiertas\u00bb"},"content":{"rendered":"\n<h6 class=\"wp-block-heading\"><strong>Emiliano Yacobitti, vicerrector de la UBA (Universidad de Buenos Aires), apunt\u00f3 contra el gobierno por su exigencia de asegurar las clases. \u00abLlevan adelante una pol\u00edtica educativa ilegal al incumplir la Ley de Financiamiento\u00bb, dijo.<\/strong><\/h6>\n\n\n\n<p>El gobierno nacional, a trav\u00e9s de la Subsecretar\u00eda de Pol\u00edticas, exigi\u00f3 que el ciclo lectivo tenga continuidad en las universidades y los estudiantes puedan tener acceso. En un comunicado, expres\u00f3 preocupaci\u00f3n por la \u00absuspensi\u00f3n total de la actividad\u00bb y solicit\u00f3 que las autoridades presenten medidas previstas para sostener el funcionamiento de los establecimientos.<\/p>\n\n\n\n<p>Es por eso, que pidieron a los rectores que informen sobre qu\u00e9 herramientas prev\u00e9n implementar y como alternativas menciona las modalidades virtuales, reprogramaciones de clases y esquemas que contemplen a los docentes que no adhieran a las medidas de fuerza.<\/p>\n\n\n\n<p>Desde la UBA (Universidad de Buenos Aires), respondieron por medio de su vicerrector. \u00abLas universidades siguen abiertas\u00bb, se\u00f1al\u00f3 Emiliano Yacobitti, quien apunt\u00f3 contra el oficialismo y ratific\u00f3 la marcha del 12 de mayo.<\/p>\n\n\n\n<p>\u00abCelebramos que por primera vez el Ministerio de \u2018Capital Humano\u2019 reconozca que en la Argentina no se est\u00e1 garantizando el derecho a la educaci\u00f3n. Ese reconocimiento expone una realidad a\u00fan m\u00e1s compleja: hoy est\u00e1n en riesgo derechos constitucionales fundamentales\u00bb, comenz\u00f3 diciendo en un escrito.<\/p>\n\n\n\n<p>Por otra parte, sostuvo que el Ejecutivo Nacional \u00abno solo carece de un plan educativo\u00bb, tambi\u00e9n \u00abdesfinancia el sistema\u00bb y \u00ablleva adelante una pol\u00edtica educativa ilegal al incumplir la Ley de Financiamiento Universitario sancionada hace seis meses, aprobada por m\u00e1s de dos tercios de ambas c\u00e1maras y ratificada en dos instancias por la Justicia\u00bb.<\/p>\n\n\n\n<p>\u00abLas universidades siguen abiertas, sostenidas por el enorme esfuerzo de profesores, investigadores y no docentes. Lo saben todos los estudiantes y la sociedad\u00bb, asegur\u00f3 Yacobitti.<\/p>\n\n\n\n<p>\u00abNo van a desviar el eje de la discusi\u00f3n con provocaciones\u00bb, remarc\u00f3. Con respecto a la manifestaci\u00f3n de los pr\u00f3ximos d\u00edas, remarc\u00f3: \u00abVamos a ser miles en las calles, porque la universidad p\u00fablica es un orgullo de toda la Argentina\u00bb.<\/p>\n\n\n\n<figure class=\"wp-block-embed is-type-wp-embed is-provider-sector-prensa wp-block-embed-sector-prensa\"><div class=\"wp-block-embed__wrapper\">\n<blockquote class=\"wp-embedded-content\" data-secret=\"I2hRhaj1ey\"><a href=\"https:\/\/sectorprensa.com.ar\/?p=82711\">Milei repudi\u00f3 \u201cel intento de asesinato\u201d a Trump y dijo que la inflaci\u00f3n \u201cser\u00e1 derrotada\u201d<\/a><\/blockquote><iframe loading=\"lazy\" class=\"wp-embedded-content\" sandbox=\"allow-scripts\" security=\"restricted\" style=\"position: absolute; visibility: hidden;\" title=\"\u00abMilei repudi\u00f3 \u201cel intento de asesinato\u201d a Trump y dijo que la inflaci\u00f3n \u201cser\u00e1 derrotada\u201d\u00bb \u2014 Sector Prensa\" src=\"https:\/\/sectorprensa.com.ar\/?p=82711&#038;embed=true#?secret=xE7PsBT2zH#?secret=I2hRhaj1ey\" data-secret=\"I2hRhaj1ey\" width=\"600\" height=\"338\" frameborder=\"0\" marginwidth=\"0\" marginheight=\"0\" scrolling=\"no\"><\/iframe>\n<\/div><\/figure>\n","protected":false},"excerpt":{"rendered":"<p>Emiliano Yacobitti, vicerrector de la UBA (Universidad de Buenos Aires), apunt\u00f3 contra el gobierno por su exigencia de asegurar las<\/p>\n","protected":false},"author":13,"featured_media":82736,"comment_status":"closed","ping_status":"","sticky":false,"template":"","format":"standard","meta":{"colormag_page_container_layout":"default_layout","colormag_page_sidebar_layout":"default_layout","footnotes":""},"categories":[17,8],"tags":[4091,2122],"class_list":["post-82735","post","type-post","status-publish","format-standard","has-post-thumbnail","hentry","category-destacadas","category-politica","tag-gobierno-nacional","tag-uba"],"_links":{"self":[{"href":"https:\/\/sectorprensa.com.ar\/index.php?rest_route=\/wp\/v2\/posts\/82735","targetHints":{"allow":["GET"]}}],"collection":[{"href":"https:\/\/sectorprensa.com.ar\/index.php?rest_route=\/wp\/v2\/posts"}],"about":[{"href":"https:\/\/sectorprensa.com.ar\/index.php?rest_route=\/wp\/v2\/types\/post"}],"author":[{"embeddable":true,"href":"https:\/\/sectorprensa.com.ar\/index.php?rest_route=\/wp\/v2\/users\/13"}],"replies":[{"embeddable":true,"href":"https:\/\/sectorprensa.com.ar\/index.php?rest_route=%2Fwp%2Fv2%2Fcomments&post=82735"}],"version-history":[{"count":1,"href":"https:\/\/sectorprensa.com.ar\/index.php?rest_route=\/wp\/v2\/posts\/82735\/revisions"}],"predecessor-version":[{"id":82737,"href":"https:\/\/sectorprensa.com.ar\/index.php?rest_route=\/wp\/v2\/posts\/82735\/revisions\/82737"}],"wp:featuredmedia":[{"embeddable":true,"href":"https:\/\/sectorprensa.com.ar\/index.php?rest_route=\/wp\/v2\/media\/82736"}],"wp:attachment":[{"href":"https:\/\/sectorprensa.com.ar\/index.php?rest_route=%2Fwp%2Fv2%2Fmedia&parent=82735"}],"wp:term":[{"taxonomy":"category","embeddable":true,"href":"https:\/\/sectorprensa.com.ar\/index.php?rest_route=%2Fwp%2Fv2%2Fcategories&post=82735"},{"taxonomy":"post_tag","embeddable":true,"href":"https:\/\/sectorprensa.com.ar\/index.php?rest_route=%2Fwp%2Fv2%2Ftags&post=82735"}],"curies":[{"name":"wp","href":"https:\/\/api.w.org\/{rel}","templated":true}]}}