{"id":82738,"date":"2026-04-29T10:27:46","date_gmt":"2026-04-29T13:27:46","guid":{"rendered":"https:\/\/sectorprensa.com.ar\/?p=82738"},"modified":"2026-04-29T10:27:46","modified_gmt":"2026-04-29T13:27:46","slug":"ituzaingo-mas-de-1-500-estudiantes-participaron-de-la-feria-de-las-profesiones-coopic","status":"publish","type":"post","link":"https:\/\/sectorprensa.com.ar\/?p=82738","title":{"rendered":"Ituzaing\u00f3: m\u00e1s de 1.500 estudiantes participaron de la Feria de las Profesiones Coopic"},"content":{"rendered":"\n<p><strong>La 14\u00b0 edici\u00f3n del evento se realiz\u00f3 en el Club de APA y reuni\u00f3 a alumnos de 28 escuelas del distrito, con propuestas de orientaci\u00f3n vocacional, capacitaci\u00f3n y acercamiento al mundo laboral.<\/strong><\/p>\n\n\n\n<p>La 14\u00b0 edici\u00f3n de la Feria de las Profesiones Coopic, tuvo lugar el martes 28 de abril en el Club de APA (Asociaci\u00f3n del Personal Aeron\u00e1utico), ubicado en Vedania Mammwual 2749, Ituzaing\u00f3. En esta edici\u00f3n participaron m\u00e1s de 1.500 estudiantes de 28 escuelas de gesti\u00f3n estatal y privada del distrito.<\/p>\n\n\n\n<p>La misma es una iniciativa del Grupo de Vecinos Referentes del Barrio Aeron\u00e1utico de Ituzaing\u00f3, dirigida a estudiantes del \u00faltimo a\u00f1o de la escuela secundaria, quienes est\u00e1n pr\u00f3ximos a insertarse al mundo laboral.<\/p>\n\n\n\n<p>Natalia Lazzeri, Secretaria de Desarrollo Productivo del municipio, estuvo presente en la feria y asegur\u00f3: \u201cEs muy importante para nosotros participar de la Feria de Profesiones organizada cada a\u00f1o por vecinos del barrio aeron\u00e1utico\u201d. Adem\u00e1s, agreg\u00f3: \u201cDesde la Direcci\u00f3n de Empleo realizamos muchas acciones que tienen que ver con la mejora de la empleabilidad, con la capacitaci\u00f3n y formaci\u00f3n de los j\u00f3venes\u201d.<\/p>\n\n\n\n<p>En la misma l\u00ednea, Fernanda Arenas, organizadora del evento, destac\u00f3 la importancia de estos espacios: \u201cCreemos que la formaci\u00f3n es lo que da m\u00e1s herramientas para el desarrollo y crecimiento de las comunidades. Estos encuentros permiten a los estudiantes encontrar algo que realmente los apasiona y los motive a desplegar sus talentos\u201d.<\/p>\n\n\n\n<p>Durante la jornada, los y las j\u00f3venes participaron de talleres y charlas donde recibieron informaci\u00f3n sobre las propuestas formativas, recursos para la b\u00fasqueda de empleo y diversas actividades profesionales que pueden desarrollar para insertarse en el mercado laboral.&nbsp;&nbsp;&nbsp;<\/p>\n\n\n\n<p>El evento cont\u00f3 con la presencia de estudiantes secundarios, establecimientos educativos, institutos de formaci\u00f3n superior, el Centro Regional Universitario de Ituzaing\u00f3, instituciones de la regi\u00f3n, profesionales independientes. Adem\u00e1s, participaron universidades como la UTN Regional de Haedo, la Universidad Siglo 21, la Universidad Nacional del Oeste, entre otras.<\/p>\n","protected":false},"excerpt":{"rendered":"<p>La 14\u00b0 edici\u00f3n del evento se realiz\u00f3 en el Club de APA y reuni\u00f3 a alumnos de 28 escuelas del<\/p>\n","protected":false},"author":14,"featured_media":82739,"comment_status":"closed","ping_status":"","sticky":false,"template":"","format":"standard","meta":{"colormag_page_container_layout":"default_layout","colormag_page_sidebar_layout":"default_layout","footnotes":""},"categories":[17,4,1173,10],"tags":[],"class_list":["post-82738","post","type-post","status-publish","format-standard","has-post-thumbnail","hentry","category-destacadas","category-ituzaingo","category-municipales","category-sociedad"],"_links":{"self":[{"href":"https:\/\/sectorprensa.com.ar\/index.php?rest_route=\/wp\/v2\/posts\/82738","targetHints":{"allow":["GET"]}}],"collection":[{"href":"https:\/\/sectorprensa.com.ar\/index.php?rest_route=\/wp\/v2\/posts"}],"about":[{"href":"https:\/\/sectorprensa.com.ar\/index.php?rest_route=\/wp\/v2\/types\/post"}],"author":[{"embeddable":true,"href":"https:\/\/sectorprensa.com.ar\/index.php?rest_route=\/wp\/v2\/users\/14"}],"replies":[{"embeddable":true,"href":"https:\/\/sectorprensa.com.ar\/index.php?rest_route=%2Fwp%2Fv2%2Fcomments&post=82738"}],"version-history":[{"count":1,"href":"https:\/\/sectorprensa.com.ar\/index.php?rest_route=\/wp\/v2\/posts\/82738\/revisions"}],"predecessor-version":[{"id":82740,"href":"https:\/\/sectorprensa.com.ar\/index.php?rest_route=\/wp\/v2\/posts\/82738\/revisions\/82740"}],"wp:featuredmedia":[{"embeddable":true,"href":"https:\/\/sectorprensa.com.ar\/index.php?rest_route=\/wp\/v2\/media\/82739"}],"wp:attachment":[{"href":"https:\/\/sectorprensa.com.ar\/index.php?rest_route=%2Fwp%2Fv2%2Fmedia&parent=82738"}],"wp:term":[{"taxonomy":"category","embeddable":true,"href":"https:\/\/sectorprensa.com.ar\/index.php?rest_route=%2Fwp%2Fv2%2Fcategories&post=82738"},{"taxonomy":"post_tag","embeddable":true,"href":"https:\/\/sectorprensa.com.ar\/index.php?rest_route=%2Fwp%2Fv2%2Ftags&post=82738"}],"curies":[{"name":"wp","href":"https:\/\/api.w.org\/{rel}","templated":true}]}}