{"id":82742,"date":"2026-04-29T19:03:12","date_gmt":"2026-04-29T22:03:12","guid":{"rendered":"https:\/\/sectorprensa.com.ar\/?p=82742"},"modified":"2026-04-29T19:03:12","modified_gmt":"2026-04-29T22:03:12","slug":"yo-mismo-afronte-los-pagos-de-los-viajes-con-mi-familia-no-fueron-financiados-por-terceros","status":"publish","type":"post","link":"https:\/\/sectorprensa.com.ar\/?p=82742","title":{"rendered":"\u00abYo mismo afront\u00e9 los pagos de los viajes con mi familia, no fueron financiados por terceros\u00bb"},"content":{"rendered":"\n<h6 class=\"wp-block-heading\"><strong>Manuel Adorni, jefe de Gabinete, se present\u00f3 ante la C\u00e1mara de Diputados y respondi\u00f3 acerca de sus viajes privados que se encuentran bajo la lupa, en la causa por enriquecimiento il\u00edcito.<\/strong><\/h6>\n\n\n\n<p>En la ma\u00f1ana del mi\u00e9rcoles, Manuel Adorni se present\u00f3 en la C\u00e1mara de Diputados para responder a las preguntas de la oposici\u00f3n sobre la causa por enriquecimiento il\u00edcito. All\u00ed, se refiri\u00f3 a los viajes privados y sostuvo que \u00abyo mismo los afront\u00e9\u00bb y \u00abno fueron financiados por terceros\u00bb. Cabe destacar, el jefe de Gabinete est\u00e1 bajo la lupa por vacacionar en lugares como Aruba y Punta del Este, destinos costosos que no condice con sus ingresos.<\/p>\n\n\n\n<p>\u00abQuiero dejar en claro que he afrontado yo mismo los pagos de todos los viajes que realic\u00e9 con mi familia y que \u00fanicamente se circunscribieron a vacaciones personales y de mi c\u00edrculo familiar. No se trataron de viajes financiados por terceros en el marco del Decreto 1179\/2016, ni de obsequios de ning\u00fan tipo\u00bb, indic\u00f3 Adorni.<\/p>\n\n\n\n<p>\u00abLos miembros de esta C\u00e1mara quieren asemejar el gasto privado con el gasto p\u00fablico y a las actividades de mi vida privada con actos de gobierno. Ni constitucional ni penal ni civilmente son comparables\u00bb, agreg\u00f3.<\/p>\n\n\n\n<p>El funcionario se\u00f1al\u00f3 que \u00aben todos los casos\u00bb estuvo la intervenci\u00f3n de \u00abla Direcci\u00f3n Nacional de Migraciones, la Direcci\u00f3n General de Aduanas o la Polic\u00eda de Seguridad Aeroportuaria\u00bb.<\/p>\n\n\n\n<p>\u00abEl Estado Nacional no registra ning\u00fan pago de costos sobre mis viajes personales y es por eso que inform\u00e9 siempre el car\u00e1cter privado y propio de mis erogaciones\u00bb, dijo.<\/p>\n\n\n\n<p>La invitaci\u00f3n a su esposa, Bettina Angeletti, quien fue parte de la comitiva oficial en los viajes a Miami y Nueva York: \u00abFue aclarado en la Justicia que mi esposa viaj\u00f3 como invitada exclusivamente en el vuelo de salida del pa\u00eds y que regres\u00f3 en un vuelo comercial el 15 de marzo de 2026\u00bb, detall\u00f3 Adorni.<\/p>\n\n\n\n<p>\u00abLa decisi\u00f3n sobre la invitaci\u00f3n de la Comitiva Oficial comprende, tal como lo han indicado la fiscal como el juez interviniente en la correspondiente causa judicial, una cuesti\u00f3n discrecional de Presidencia, de conformidad con los marcos legales vigentes\u00bb, aclar\u00f3.<\/p>\n\n\n\n<figure class=\"wp-block-embed is-type-wp-embed is-provider-sector-prensa wp-block-embed-sector-prensa\"><div class=\"wp-block-embed__wrapper\">\n<blockquote class=\"wp-embedded-content\" data-secret=\"ZOLcLwNIEs\"><a href=\"https:\/\/sectorprensa.com.ar\/?p=82735\">\u00abLas universidades siguen abiertas\u00bb<\/a><\/blockquote><iframe loading=\"lazy\" class=\"wp-embedded-content\" sandbox=\"allow-scripts\" security=\"restricted\" style=\"position: absolute; visibility: hidden;\" title=\"\u00ab\u00abLas universidades siguen abiertas\u00bb\u00bb \u2014 Sector Prensa\" src=\"https:\/\/sectorprensa.com.ar\/?p=82735&#038;embed=true#?secret=dIkrPamkpd#?secret=ZOLcLwNIEs\" data-secret=\"ZOLcLwNIEs\" width=\"600\" height=\"338\" frameborder=\"0\" marginwidth=\"0\" marginheight=\"0\" scrolling=\"no\"><\/iframe>\n<\/div><\/figure>\n","protected":false},"excerpt":{"rendered":"<p>Manuel Adorni, jefe de Gabinete, se present\u00f3 ante la C\u00e1mara de Diputados y respondi\u00f3 acerca de sus viajes privados que<\/p>\n","protected":false},"author":13,"featured_media":82743,"comment_status":"closed","ping_status":"","sticky":false,"template":"","format":"standard","meta":{"colormag_page_container_layout":"default_layout","colormag_page_sidebar_layout":"default_layout","footnotes":""},"categories":[6828,8],"tags":[5811,8388],"class_list":["post-82742","post","type-post","status-publish","format-standard","has-post-thumbnail","hentry","category-mas-destacadas","category-politica","tag-camara-de-diputados","tag-manuel-adorni"],"_links":{"self":[{"href":"https:\/\/sectorprensa.com.ar\/index.php?rest_route=\/wp\/v2\/posts\/82742","targetHints":{"allow":["GET"]}}],"collection":[{"href":"https:\/\/sectorprensa.com.ar\/index.php?rest_route=\/wp\/v2\/posts"}],"about":[{"href":"https:\/\/sectorprensa.com.ar\/index.php?rest_route=\/wp\/v2\/types\/post"}],"author":[{"embeddable":true,"href":"https:\/\/sectorprensa.com.ar\/index.php?rest_route=\/wp\/v2\/users\/13"}],"replies":[{"embeddable":true,"href":"https:\/\/sectorprensa.com.ar\/index.php?rest_route=%2Fwp%2Fv2%2Fcomments&post=82742"}],"version-history":[{"count":1,"href":"https:\/\/sectorprensa.com.ar\/index.php?rest_route=\/wp\/v2\/posts\/82742\/revisions"}],"predecessor-version":[{"id":82744,"href":"https:\/\/sectorprensa.com.ar\/index.php?rest_route=\/wp\/v2\/posts\/82742\/revisions\/82744"}],"wp:featuredmedia":[{"embeddable":true,"href":"https:\/\/sectorprensa.com.ar\/index.php?rest_route=\/wp\/v2\/media\/82743"}],"wp:attachment":[{"href":"https:\/\/sectorprensa.com.ar\/index.php?rest_route=%2Fwp%2Fv2%2Fmedia&parent=82742"}],"wp:term":[{"taxonomy":"category","embeddable":true,"href":"https:\/\/sectorprensa.com.ar\/index.php?rest_route=%2Fwp%2Fv2%2Fcategories&post=82742"},{"taxonomy":"post_tag","embeddable":true,"href":"https:\/\/sectorprensa.com.ar\/index.php?rest_route=%2Fwp%2Fv2%2Ftags&post=82742"}],"curies":[{"name":"wp","href":"https:\/\/api.w.org\/{rel}","templated":true}]}}