{"id":82747,"date":"2026-04-29T21:10:53","date_gmt":"2026-04-30T00:10:53","guid":{"rendered":"https:\/\/sectorprensa.com.ar\/?p=82747"},"modified":"2026-04-29T21:10:53","modified_gmt":"2026-04-30T00:10:53","slug":"la-justicia-le-ordeno-a-anses-restituir-la-pension-de-cristina-fernandez-de-kirchner","status":"publish","type":"post","link":"https:\/\/sectorprensa.com.ar\/?p=82747","title":{"rendered":"La Justicia le orden\u00f3 a ANSES restituir la pensi\u00f3n de Cristina Fern\u00e1ndez de Kirchner"},"content":{"rendered":"\n<h6 class=\"wp-block-heading\"><strong>El recurso presentado por ANSES para quitarle la pensi\u00f3n de privilegio a la ex Presidenta fue rechazado. El gobierno inform\u00f3 que interpondr\u00e1 un recurso de queja ante la Corte Suprema.<\/strong><\/h6>\n\n\n\n<p>La Sala III de la C\u00e1mara Federal de la Seguridad Social, rechaz\u00f3 el recurso que present\u00f3 ANSES y deber\u00e1 pagar la pensi\u00f3n de privilegio de la ex Presidenta Cristina Fern\u00e1ndez de Kirchner. Desde el gobierno nacional, anunciaron que buscar\u00e1n apelar esta medida.<\/p>\n\n\n\n<p>A trav\u00e9s de un comunicado, el Ministerio de Capital Humano indic\u00f3: \u00abEn el d\u00eda de la fecha la Sala III de la C\u00e1mara Federal de la Seguridad Social rechaz\u00f3 el recurso extraordinario federal que hab\u00eda presentado la Anses contra la medida cautelar judicial que hab\u00eda ordenado que se le pague la pensi\u00f3n a Cristina Kirchner\u00bb.<\/p>\n\n\n\n<p>El Ejecutivo Nacional inform\u00f3 que interpondr\u00e1 un recurso de queja ante la Corte Suprema de Justicia de la Naci\u00f3n. As\u00ed, buscar\u00e1 revertir el fallo y que la ex mandataria no cuente con su beneficio, uno por su cargo y otro por viudez.<\/p>\n\n\n\n<figure class=\"wp-block-embed is-type-wp-embed is-provider-sector-prensa wp-block-embed-sector-prensa\"><div class=\"wp-block-embed__wrapper\">\n<blockquote class=\"wp-embedded-content\" data-secret=\"RkBHvVaA8q\"><a href=\"https:\/\/sectorprensa.com.ar\/?p=82719\">Luis Caputo: \u201cEl riesgo kuka es cero\u201d<\/a><\/blockquote><iframe loading=\"lazy\" class=\"wp-embedded-content\" sandbox=\"allow-scripts\" security=\"restricted\" style=\"position: absolute; visibility: hidden;\" title=\"\u00abLuis Caputo: \u201cEl riesgo kuka es cero\u201d\u00bb \u2014 Sector Prensa\" src=\"https:\/\/sectorprensa.com.ar\/?p=82719&#038;embed=true#?secret=yN4kMWlNXE#?secret=RkBHvVaA8q\" data-secret=\"RkBHvVaA8q\" width=\"600\" height=\"338\" frameborder=\"0\" marginwidth=\"0\" marginheight=\"0\" scrolling=\"no\"><\/iframe>\n<\/div><\/figure>\n","protected":false},"excerpt":{"rendered":"<p>El recurso presentado por ANSES para quitarle la pensi\u00f3n de privilegio a la ex Presidenta fue rechazado. El gobierno inform\u00f3<\/p>\n","protected":false},"author":13,"featured_media":82748,"comment_status":"closed","ping_status":"","sticky":false,"template":"","format":"standard","meta":{"colormag_page_container_layout":"default_layout","colormag_page_sidebar_layout":"default_layout","footnotes":""},"categories":[17,8],"tags":[492,6851,5377],"class_list":["post-82747","post","type-post","status-publish","format-standard","has-post-thumbnail","hentry","category-destacadas","category-politica","tag-anses","tag-cristina-fernandez-de-kirchner-2","tag-pension"],"_links":{"self":[{"href":"https:\/\/sectorprensa.com.ar\/index.php?rest_route=\/wp\/v2\/posts\/82747","targetHints":{"allow":["GET"]}}],"collection":[{"href":"https:\/\/sectorprensa.com.ar\/index.php?rest_route=\/wp\/v2\/posts"}],"about":[{"href":"https:\/\/sectorprensa.com.ar\/index.php?rest_route=\/wp\/v2\/types\/post"}],"author":[{"embeddable":true,"href":"https:\/\/sectorprensa.com.ar\/index.php?rest_route=\/wp\/v2\/users\/13"}],"replies":[{"embeddable":true,"href":"https:\/\/sectorprensa.com.ar\/index.php?rest_route=%2Fwp%2Fv2%2Fcomments&post=82747"}],"version-history":[{"count":1,"href":"https:\/\/sectorprensa.com.ar\/index.php?rest_route=\/wp\/v2\/posts\/82747\/revisions"}],"predecessor-version":[{"id":82749,"href":"https:\/\/sectorprensa.com.ar\/index.php?rest_route=\/wp\/v2\/posts\/82747\/revisions\/82749"}],"wp:featuredmedia":[{"embeddable":true,"href":"https:\/\/sectorprensa.com.ar\/index.php?rest_route=\/wp\/v2\/media\/82748"}],"wp:attachment":[{"href":"https:\/\/sectorprensa.com.ar\/index.php?rest_route=%2Fwp%2Fv2%2Fmedia&parent=82747"}],"wp:term":[{"taxonomy":"category","embeddable":true,"href":"https:\/\/sectorprensa.com.ar\/index.php?rest_route=%2Fwp%2Fv2%2Fcategories&post=82747"},{"taxonomy":"post_tag","embeddable":true,"href":"https:\/\/sectorprensa.com.ar\/index.php?rest_route=%2Fwp%2Fv2%2Ftags&post=82747"}],"curies":[{"name":"wp","href":"https:\/\/api.w.org\/{rel}","templated":true}]}}