{"id":82750,"date":"2026-04-29T21:37:44","date_gmt":"2026-04-30T00:37:44","guid":{"rendered":"https:\/\/sectorprensa.com.ar\/?p=82750"},"modified":"2026-04-29T21:37:44","modified_gmt":"2026-04-30T00:37:44","slug":"otro-dia-de-caos-en-el-tren-sarmiento","status":"publish","type":"post","link":"https:\/\/sectorprensa.com.ar\/?p=82750","title":{"rendered":"Otro d\u00eda de caos en el tren Sarmiento"},"content":{"rendered":"\n<h6 class=\"wp-block-heading\"><strong>Una formaci\u00f3n embisti\u00f3 a una persona que circulaba en su moto, motivo por el que hubo demoras y cancelaciones en el servicio.<\/strong><\/h6>\n\n\n\n<p>Este mi\u00e9rcoles, los pasajeros del tren Sarmiento vivieron otra jornada ca\u00f3tica. La formaci\u00f3n que circulaba de Once a Moreno embisti\u00f3 a una persona que se trasladaba en su moto, en el paso a nivel de la calle Chile, en la localidad de Haedo.<\/p>\n\n\n\n<p>El tren qued\u00f3 detenido en el lugar. Las quejas se hicieron sentir entre los usuarios del mismo, quienes fueron informados que deb\u00edan bajar, ya que el servicio no iba a continuar y se hab\u00eda cortado el suministro de electricidad. En plena confusi\u00f3n, muchas personas volvieron a subir con la noticia de falsa de que todo se encontraba normalizada.<\/p>\n\n\n\n<p>Por este accidente, las formaciones no circularon con sentido a Moreno durante horas, hubo cancelaciones y demoras. Con respecto al herido, la \u00faltima informaci\u00f3n dec\u00eda que se encontraba con vida pero en estado grave por la lesi\u00f3n en su cabeza, el tren lo expuls\u00f3.<\/p>\n\n\n\n<figure class=\"wp-block-embed is-type-wp-embed is-provider-sector-prensa wp-block-embed-sector-prensa\"><div class=\"wp-block-embed__wrapper\">\n<blockquote class=\"wp-embedded-content\" data-secret=\"hm0k3Okiei\"><a href=\"https:\/\/sectorprensa.com.ar\/?p=82715\">Tragedia en El Palomar: una beba de 18 meses muri\u00f3 en un incendio en su vivienda<\/a><\/blockquote><iframe loading=\"lazy\" class=\"wp-embedded-content\" sandbox=\"allow-scripts\" security=\"restricted\" style=\"position: absolute; visibility: hidden;\" title=\"\u00abTragedia en El Palomar: una beba de 18 meses muri\u00f3 en un incendio en su vivienda\u00bb \u2014 Sector Prensa\" src=\"https:\/\/sectorprensa.com.ar\/?p=82715&#038;embed=true#?secret=YoL2rPSGPN#?secret=hm0k3Okiei\" data-secret=\"hm0k3Okiei\" width=\"600\" height=\"338\" frameborder=\"0\" marginwidth=\"0\" marginheight=\"0\" scrolling=\"no\"><\/iframe>\n<\/div><\/figure>\n","protected":false},"excerpt":{"rendered":"<p>Una formaci\u00f3n embisti\u00f3 a una persona que circulaba en su moto, motivo por el que hubo demoras y cancelaciones en<\/p>\n","protected":false},"author":13,"featured_media":82746,"comment_status":"closed","ping_status":"","sticky":false,"template":"","format":"standard","meta":{"colormag_page_container_layout":"default_layout","colormag_page_sidebar_layout":"default_layout","footnotes":""},"categories":[17,12,10],"tags":[61,6818,149],"class_list":["post-82750","post","type-post","status-publish","format-standard","has-post-thumbnail","hentry","category-destacadas","category-policiales","category-sociedad","tag-haedo","tag-ramos-mejia-2","tag-tren-sarmiento"],"_links":{"self":[{"href":"https:\/\/sectorprensa.com.ar\/index.php?rest_route=\/wp\/v2\/posts\/82750","targetHints":{"allow":["GET"]}}],"collection":[{"href":"https:\/\/sectorprensa.com.ar\/index.php?rest_route=\/wp\/v2\/posts"}],"about":[{"href":"https:\/\/sectorprensa.com.ar\/index.php?rest_route=\/wp\/v2\/types\/post"}],"author":[{"embeddable":true,"href":"https:\/\/sectorprensa.com.ar\/index.php?rest_route=\/wp\/v2\/users\/13"}],"replies":[{"embeddable":true,"href":"https:\/\/sectorprensa.com.ar\/index.php?rest_route=%2Fwp%2Fv2%2Fcomments&post=82750"}],"version-history":[{"count":1,"href":"https:\/\/sectorprensa.com.ar\/index.php?rest_route=\/wp\/v2\/posts\/82750\/revisions"}],"predecessor-version":[{"id":82751,"href":"https:\/\/sectorprensa.com.ar\/index.php?rest_route=\/wp\/v2\/posts\/82750\/revisions\/82751"}],"wp:featuredmedia":[{"embeddable":true,"href":"https:\/\/sectorprensa.com.ar\/index.php?rest_route=\/wp\/v2\/media\/82746"}],"wp:attachment":[{"href":"https:\/\/sectorprensa.com.ar\/index.php?rest_route=%2Fwp%2Fv2%2Fmedia&parent=82750"}],"wp:term":[{"taxonomy":"category","embeddable":true,"href":"https:\/\/sectorprensa.com.ar\/index.php?rest_route=%2Fwp%2Fv2%2Fcategories&post=82750"},{"taxonomy":"post_tag","embeddable":true,"href":"https:\/\/sectorprensa.com.ar\/index.php?rest_route=%2Fwp%2Fv2%2Ftags&post=82750"}],"curies":[{"name":"wp","href":"https:\/\/api.w.org\/{rel}","templated":true}]}}