{"id":82752,"date":"2026-04-30T10:06:55","date_gmt":"2026-04-30T13:06:55","guid":{"rendered":"https:\/\/sectorprensa.com.ar\/?p=82752"},"modified":"2026-04-30T10:06:55","modified_gmt":"2026-04-30T13:06:55","slug":"milei-en-expo-efi-2026-lo-que-nos-importa-es-el-legado-historico","status":"publish","type":"post","link":"https:\/\/sectorprensa.com.ar\/?p=82752","title":{"rendered":"Milei en Expo EFI 2026: \u201cLo que nos importa es el legado hist\u00f3rico\u201d"},"content":{"rendered":"\n<p><strong>El Presidente cerr\u00f3 el Congreso Econ\u00f3mico Argentino en Expo EFI 2026, donde defendi\u00f3 el rumbo econ\u00f3mico de su gesti\u00f3n y destac\u00f3 los avances logrados en materia de estabilizaci\u00f3n y reformas. Ante empresarios y especialistas, remarc\u00f3 la importancia de la inversi\u00f3n privada y asegur\u00f3 que el objetivo central de su gobierno es dejar \u201cun legado hist\u00f3rico\u201d para el pa\u00eds.<\/strong><\/p>\n\n\n\n<p>El presidente Javier Milei particip\u00f3 este mi\u00e9rcoles del cierre del Congreso Econ\u00f3mico Argentino y Expo EFI 2026, en el Centro de Convenciones de Buenos Aires, el encuentro m\u00e1s importante de econom\u00eda, finanzas e inversiones de la regi\u00f3n, que reuni\u00f3 a un centenar de empresas.<\/p>\n\n\n\n<p>\u201cVoy a describir lo que es la econom\u00eda en transici\u00f3n, la estabilizaci\u00f3n, reformas y crecimiento\u201d, se\u00f1al\u00f3 el mandatario al comenzar su exposici\u00f3n, \u201cporque pese al ataque especulativo que sufrimos en la segunda parte del a\u00f1o pasado, nunca un pa\u00eds hizo un avance tan grande en tan poco tiempo\u201d.<\/p>\n\n\n\n<p>Durante su intervenci\u00f3n, el jefe de Estado plante\u00f3 la necesidad de \u201cdarle m\u00e1s flexibilidad a la econom\u00eda\u201d y valor\u00f3 las gestiones para la apertura comercial del pa\u00eds al sostener que \u201caquellos pa\u00edses que son m\u00e1s libres son 12 veces m\u00e1s ricos que los reprimidos\u201d. Asimismo, agreg\u00f3 que \u201cno queremos argentinos esclavos; a la pol\u00edtica le encanta tener esclavos para tener votos cautivos, pero yo quiero argentinos libres\u201d.<\/p>\n\n\n\n<p>A su vez, el Presidente afirm\u00f3: \u201cqueremos ser mejores que Suiza, pero tengamos en cuenta de d\u00f3nde venimos\u201d, y remarc\u00f3 ante economistas, pol\u00edticos y referentes el rol clave de la inversi\u00f3n privada para ampliar las oportunidades de los argentinos.<\/p>\n\n\n\n<p>Finalmente, el mandatario abord\u00f3 las cr\u00edticas medi\u00e1ticas, puso en valor los logros de su gesti\u00f3n y, en el d\u00eda en que el jefe de Gabinete Manuel Adorni present\u00f3 el Informe de Gesti\u00f3n 2026 ante el Congreso, afirm\u00f3: \u201cNos pusieron ac\u00e1 para arreglar problemas y vamos a hacerlo. Lo que nos importa es el legado hist\u00f3rico\u201d.<\/p>\n\n\n\n<p>El mandatario fue recibido por el presidente y el director de la consultora Invecq, Esteban Domecq y Santiago Bulat; y por el presidente y CEO de Messe Frankfurt, Fernando Gorbar\u00e1n. Estuvo acompa\u00f1ado por el ministro de Econom\u00eda, Luis Caputo, y el canciller, Pablo Quirno.<\/p>\n","protected":false},"excerpt":{"rendered":"<p>El Presidente cerr\u00f3 el Congreso Econ\u00f3mico Argentino en Expo EFI 2026, donde defendi\u00f3 el rumbo econ\u00f3mico de su gesti\u00f3n y<\/p>\n","protected":false},"author":14,"featured_media":82753,"comment_status":"closed","ping_status":"","sticky":false,"template":"","format":"standard","meta":{"colormag_page_container_layout":"default_layout","colormag_page_sidebar_layout":"default_layout","footnotes":""},"categories":[17,8],"tags":[],"class_list":["post-82752","post","type-post","status-publish","format-standard","has-post-thumbnail","hentry","category-destacadas","category-politica"],"_links":{"self":[{"href":"https:\/\/sectorprensa.com.ar\/index.php?rest_route=\/wp\/v2\/posts\/82752","targetHints":{"allow":["GET"]}}],"collection":[{"href":"https:\/\/sectorprensa.com.ar\/index.php?rest_route=\/wp\/v2\/posts"}],"about":[{"href":"https:\/\/sectorprensa.com.ar\/index.php?rest_route=\/wp\/v2\/types\/post"}],"author":[{"embeddable":true,"href":"https:\/\/sectorprensa.com.ar\/index.php?rest_route=\/wp\/v2\/users\/14"}],"replies":[{"embeddable":true,"href":"https:\/\/sectorprensa.com.ar\/index.php?rest_route=%2Fwp%2Fv2%2Fcomments&post=82752"}],"version-history":[{"count":1,"href":"https:\/\/sectorprensa.com.ar\/index.php?rest_route=\/wp\/v2\/posts\/82752\/revisions"}],"predecessor-version":[{"id":82754,"href":"https:\/\/sectorprensa.com.ar\/index.php?rest_route=\/wp\/v2\/posts\/82752\/revisions\/82754"}],"wp:featuredmedia":[{"embeddable":true,"href":"https:\/\/sectorprensa.com.ar\/index.php?rest_route=\/wp\/v2\/media\/82753"}],"wp:attachment":[{"href":"https:\/\/sectorprensa.com.ar\/index.php?rest_route=%2Fwp%2Fv2%2Fmedia&parent=82752"}],"wp:term":[{"taxonomy":"category","embeddable":true,"href":"https:\/\/sectorprensa.com.ar\/index.php?rest_route=%2Fwp%2Fv2%2Fcategories&post=82752"},{"taxonomy":"post_tag","embeddable":true,"href":"https:\/\/sectorprensa.com.ar\/index.php?rest_route=%2Fwp%2Fv2%2Ftags&post=82752"}],"curies":[{"name":"wp","href":"https:\/\/api.w.org\/{rel}","templated":true}]}}