{"id":82755,"date":"2026-04-30T10:08:59","date_gmt":"2026-04-30T13:08:59","guid":{"rendered":"https:\/\/sectorprensa.com.ar\/?p=82755"},"modified":"2026-04-30T11:16:15","modified_gmt":"2026-04-30T14:16:15","slug":"kicillof-el-gobierno-nacional-busca-descargar-la-crisis-sobre-las-espaldas-de-los-gobiernos-provinciales-y-municipales","status":"publish","type":"post","link":"https:\/\/sectorprensa.com.ar\/?p=82755","title":{"rendered":"Kicillof: \u201cEl Gobierno nacional busca descargar la crisis sobre las espaldas de los gobiernos provinciales y municipales\u201d"},"content":{"rendered":"\n<p><strong>El Gobernador bonaerense se reuni\u00f3 con jefes comunales que reclamaron ante el Ministerio de Capital Humano por fondos adeudados para asistencia alimentaria.<\/strong><\/p>\n\n\n\n<p>El gobernador Axel Kicillof se reuni\u00f3 este mi\u00e9rcoles con intendentes e intendentas que reclamaron en el Ministerio de Capital Humano por fondos adeudados por el Gobierno nacional en materia de asistencia alimentaria. Fue en la sede de la Federaci\u00f3n Argentina de Municipios (FAM), en la Ciudad de Buenos Aires, junto a la vicegobernadora Ver\u00f3nica Magario; el ministro de Desarrollo de la Comunidad, Andr\u00e9s Larroque; y el presidente de la FAM e intendente de La Matanza, Fernando Espinoza.&nbsp;<\/p>\n\n\n\n<p>En ese marco, Kicillof afirm\u00f3: \u201cEl Gobierno nacional no puede hacerse m\u00e1s el distra\u00eddo: al mismo tiempo que provoca una crisis econ\u00f3mica muy profunda, recorta presupuestos en asistencia alimentaria y otras \u00e1reas muy sensibles\u201d. \u201cEl plan de Javier Milei obedece a una l\u00f3gica perversa, en la que se apunta a que todas las consecuencias de sus pol\u00edticas se descarguen sobre las espaldas de los gobiernos provinciales y municipales\u201d, agreg\u00f3.&nbsp;<\/p>\n\n\n\n<p>\u201cSi la Argentina hoy no est\u00e1 incendiada, es pura y exclusivamente por el inmenso trabajo de contenci\u00f3n y acompa\u00f1amiento que realizan los intendentes e intendentas en cada uno de sus distritos\u00bb, sostuvo el Gobernador y concluy\u00f3: \u201cSabemos que no podemos esperar otra cosa de parte de un presidente que prometi\u00f3 destruir el Estado desde adentro: en la Provincia vamos a seguir trabajando con todos los gobiernos locales para reducir el da\u00f1o que Milei les est\u00e1 generando a las familias bonaerenses\u201d.<\/p>\n\n\n\n<p>\u201cHemos venido a reclamar por una situaci\u00f3n cr\u00edtica que est\u00e1n atravesando muchos bonaerenses como consecuencia de los recortes del Gobierno nacional. Exigimos que terminen con los ajustes y que le den a nuestra Provincia todos los recursos que nos adeudan\u201d, se\u00f1al\u00f3 Magario.<\/p>\n\n\n\n<p>En un documento las autoridades solicitaron la revisi\u00f3n y actualizaci\u00f3n de los montos asignados al Servicio Alimentario Escolar (SAE) y la incorporaci\u00f3n de financiamiento nacional para el Programa MESA.<\/p>\n\n\n\n<p>Por su parte, Larroque sostuvo: \u201cLlevamos al Ministerio de Capital Humano de la Naci\u00f3n el reclamo por una deuda de m\u00e1s de $220.000 millones sobre el programa SAE\u201d. \u201cMientras tenemos una inflaci\u00f3n cercana al 40%, la ministra Pettovello plantea un incremento de los recursos del 4%: le pedimos a Milei y a sus funcionarios que se hagan cargo de la realidad y paguen las deudas que tienen con la Provincia\u201d, expres\u00f3.<\/p>\n\n\n\n<p>\u201cEl SAE bonaerense es el principal programa alimentario del pa\u00eds, alcanzando a m\u00e1s de 2,5 millones de estudiantes. Frente a la ca\u00edda de la inversi\u00f3n real del Gobierno nacional -hist\u00f3ricamente aportaba el 33% y en la actualidad alcanza el 14%- la provincia de Buenos Aires increment\u00f3 un 30% los recursos, llegando a una inversi\u00f3n anual total de $553.910 millones\u201d, remarcaron.&nbsp;<\/p>\n\n\n\n<p>\u201cNos convocamos intendentes e intendentas bonaerenses de distintos partidos pol\u00edticos para exigirle al Gobierno nacional que cumpla inmediatamente con los comedores escolares y deje de jugar con la comida de los j\u00f3venes\u201d, subray\u00f3 Espinoza.<\/p>\n\n\n\n<p>Estuvieron presentes la jefa de Asesores del Gobernador, Cristina \u00c1lvarez Rodr\u00edguez; los ministros de Gobierno, Carlos Bianco; de Desarrollo Agrario, Javier Rodr\u00edguez; de Trabajo, Walter Correa; de Infraestructura y Servicios P\u00fablicos, Gabriel Katopodis; la secretaria general de la Gobernaci\u00f3n, Agustina Vila; legisladores provinciales; intendentes e intendentas bonaerenses.<\/p>\n","protected":false},"excerpt":{"rendered":"<p>El Gobernador bonaerense se reuni\u00f3 con jefes comunales que reclamaron ante el Ministerio de Capital Humano por fondos adeudados para<\/p>\n","protected":false},"author":14,"featured_media":82756,"comment_status":"closed","ping_status":"","sticky":false,"template":"","format":"standard","meta":{"colormag_page_container_layout":"default_layout","colormag_page_sidebar_layout":"default_layout","footnotes":""},"categories":[17,8,18],"tags":[],"class_list":["post-82755","post","type-post","status-publish","format-standard","has-post-thumbnail","hentry","category-destacadas","category-politica","category-provincia"],"_links":{"self":[{"href":"https:\/\/sectorprensa.com.ar\/index.php?rest_route=\/wp\/v2\/posts\/82755","targetHints":{"allow":["GET"]}}],"collection":[{"href":"https:\/\/sectorprensa.com.ar\/index.php?rest_route=\/wp\/v2\/posts"}],"about":[{"href":"https:\/\/sectorprensa.com.ar\/index.php?rest_route=\/wp\/v2\/types\/post"}],"author":[{"embeddable":true,"href":"https:\/\/sectorprensa.com.ar\/index.php?rest_route=\/wp\/v2\/users\/14"}],"replies":[{"embeddable":true,"href":"https:\/\/sectorprensa.com.ar\/index.php?rest_route=%2Fwp%2Fv2%2Fcomments&post=82755"}],"version-history":[{"count":3,"href":"https:\/\/sectorprensa.com.ar\/index.php?rest_route=\/wp\/v2\/posts\/82755\/revisions"}],"predecessor-version":[{"id":82768,"href":"https:\/\/sectorprensa.com.ar\/index.php?rest_route=\/wp\/v2\/posts\/82755\/revisions\/82768"}],"wp:featuredmedia":[{"embeddable":true,"href":"https:\/\/sectorprensa.com.ar\/index.php?rest_route=\/wp\/v2\/media\/82756"}],"wp:attachment":[{"href":"https:\/\/sectorprensa.com.ar\/index.php?rest_route=%2Fwp%2Fv2%2Fmedia&parent=82755"}],"wp:term":[{"taxonomy":"category","embeddable":true,"href":"https:\/\/sectorprensa.com.ar\/index.php?rest_route=%2Fwp%2Fv2%2Fcategories&post=82755"},{"taxonomy":"post_tag","embeddable":true,"href":"https:\/\/sectorprensa.com.ar\/index.php?rest_route=%2Fwp%2Fv2%2Ftags&post=82755"}],"curies":[{"name":"wp","href":"https:\/\/api.w.org\/{rel}","templated":true}]}}