{"id":82762,"date":"2026-04-30T11:13:01","date_gmt":"2026-04-30T14:13:01","guid":{"rendered":"https:\/\/sectorprensa.com.ar\/?p=82762"},"modified":"2026-04-30T11:16:29","modified_gmt":"2026-04-30T14:16:29","slug":"merlo-se-consolida-como-un-centro-estrategico-para-el-desarrollo-de-inversiones","status":"publish","type":"post","link":"https:\/\/sectorprensa.com.ar\/?p=82762","title":{"rendered":"Merlo se consolida como un centro estrat\u00e9gico para el desarrollo de inversiones"},"content":{"rendered":"\n<p><strong>El intendente Gustavo Men\u00e9ndez encabez\u00f3 un encuentro con empresarios del sector de la construcci\u00f3n interesados en invertir en el distrito, en el marco de una estrategia orientada a impulsar el desarrollo econ\u00f3mico local. Desde el Municipio destacaron el avance de acuerdos internacionales y la generaci\u00f3n de empleo como ejes para posicionar a Merlo como un polo atractivo para inversiones.<\/strong><\/p>\n\n\n\n<p>El Intendente de Merlo, Gustavo Men\u00e9ndez, y la Diputada Nacional Roxana Monz\u00f3n, se reunieron con empresarios del sector de la construcci\u00f3n que eligieron Merlo para invertir, desarrollarse y generar m\u00e1s empleo.<\/p>\n\n\n\n<p>El Subsecretario de Industria y Comercio de Merlo, Pedro Elizalde, tambi\u00e9n particip\u00f3 de este encuentro que reuni\u00f3 a las autoridades locales con los propietarios de una importante empresa de nacionalidad china.<\/p>\n\n\n\n<p>\u201cChina es un l\u00edder mundial en toda la industria de la construcci\u00f3n. Nuestro objetivo es atraer estas inversiones, para que generen nuevos ingresos y puestos de trabajo a nivel local y nacional\u201d, sostuvo el jefe comunal.<\/p>\n\n\n\n<figure class=\"wp-block-embed is-type-rich is-provider-twitter wp-block-embed-twitter\"><div class=\"wp-block-embed__wrapper\">\n<blockquote class=\"twitter-tweet\" data-width=\"550\" data-dnt=\"true\"><p lang=\"es\" dir=\"ltr\">Merlo se consolida como un centro estrat\u00e9gico para el desarrollo de inversiones. <a href=\"https:\/\/t.co\/UpC81YQ8Q4\">pic.twitter.com\/UpC81YQ8Q4<\/a><\/p>&mdash; Gustavo Men\u00e9ndez (@gustavomenendez) <a href=\"https:\/\/twitter.com\/gustavomenendez\/status\/2049291310582866102?ref_src=twsrc%5Etfw\">April 29, 2026<\/a><\/blockquote><script async src=\"https:\/\/platform.twitter.com\/widgets.js\" charset=\"utf-8\"><\/script>\n<\/div><\/figure>\n\n\n\n<p>\u201cEstos logros nos llenan de orgullo y estas acciones se suman a los convenios ya cerrados, as\u00ed como a la apertura de nuestra oficina comercial permanente en China\u201d, manifest\u00f3 Men\u00e9ndez.<\/p>\n\n\n\n<p>\u201cEsta apertura comercial permite avances en desarrollo local, tecnolog\u00eda, relaciones internacionales y empleo para nuestro distrito, que se consolida como un centro estrat\u00e9gico de inversiones\u201d, remarcaron.<\/p>\n","protected":false},"excerpt":{"rendered":"<p>El intendente Gustavo Men\u00e9ndez encabez\u00f3 un encuentro con empresarios del sector de la construcci\u00f3n interesados en invertir en el distrito,<\/p>\n","protected":false},"author":14,"featured_media":82769,"comment_status":"closed","ping_status":"","sticky":false,"template":"","format":"standard","meta":{"colormag_page_container_layout":"default_layout","colormag_page_sidebar_layout":"default_layout","footnotes":""},"categories":[17,7,8],"tags":[],"class_list":["post-82762","post","type-post","status-publish","format-standard","has-post-thumbnail","hentry","category-destacadas","category-merlo","category-politica"],"_links":{"self":[{"href":"https:\/\/sectorprensa.com.ar\/index.php?rest_route=\/wp\/v2\/posts\/82762","targetHints":{"allow":["GET"]}}],"collection":[{"href":"https:\/\/sectorprensa.com.ar\/index.php?rest_route=\/wp\/v2\/posts"}],"about":[{"href":"https:\/\/sectorprensa.com.ar\/index.php?rest_route=\/wp\/v2\/types\/post"}],"author":[{"embeddable":true,"href":"https:\/\/sectorprensa.com.ar\/index.php?rest_route=\/wp\/v2\/users\/14"}],"replies":[{"embeddable":true,"href":"https:\/\/sectorprensa.com.ar\/index.php?rest_route=%2Fwp%2Fv2%2Fcomments&post=82762"}],"version-history":[{"count":1,"href":"https:\/\/sectorprensa.com.ar\/index.php?rest_route=\/wp\/v2\/posts\/82762\/revisions"}],"predecessor-version":[{"id":82764,"href":"https:\/\/sectorprensa.com.ar\/index.php?rest_route=\/wp\/v2\/posts\/82762\/revisions\/82764"}],"wp:featuredmedia":[{"embeddable":true,"href":"https:\/\/sectorprensa.com.ar\/index.php?rest_route=\/wp\/v2\/media\/82769"}],"wp:attachment":[{"href":"https:\/\/sectorprensa.com.ar\/index.php?rest_route=%2Fwp%2Fv2%2Fmedia&parent=82762"}],"wp:term":[{"taxonomy":"category","embeddable":true,"href":"https:\/\/sectorprensa.com.ar\/index.php?rest_route=%2Fwp%2Fv2%2Fcategories&post=82762"},{"taxonomy":"post_tag","embeddable":true,"href":"https:\/\/sectorprensa.com.ar\/index.php?rest_route=%2Fwp%2Fv2%2Ftags&post=82762"}],"curies":[{"name":"wp","href":"https:\/\/api.w.org\/{rel}","templated":true}]}}