{"id":82770,"date":"2026-04-30T11:27:34","date_gmt":"2026-04-30T14:27:34","guid":{"rendered":"https:\/\/sectorprensa.com.ar\/?p=82770"},"modified":"2026-04-30T11:27:34","modified_gmt":"2026-04-30T14:27:34","slug":"condenaron-a-prision-perpetua-a-uno-de-los-responsables-del-crimen-de-rita-suarez-en-villa-luzuriaga","status":"publish","type":"post","link":"https:\/\/sectorprensa.com.ar\/?p=82770","title":{"rendered":"Condenaron a prisi\u00f3n perpetua a uno de los responsables del crimen de Rita Su\u00e1rez en Villa Luzuriaga"},"content":{"rendered":"\n<p><strong>El Tribunal Oral Criminal N\u00b0 2 de La Matanza dict\u00f3 la pena m\u00e1xima para el principal acusado por el asesinato de la mujer ocurrido en 2025 durante un intento de robo. La v\u00edctima fue baleada delante de su hijo adolescente.<\/strong><\/p>\n\n\n\n<p>El Tribunal Oral Criminal N\u00b0 2 de La Matanza conden\u00f3 a prisi\u00f3n perpetua a Alex Uriel Mu\u00f1oz, de 19 a\u00f1os, por el crimen de Rita Su\u00e1rez. La sentencia fue comunicada de manera virtual al imputado, luego de que los jueces dieran por acreditada su responsabilidad y avalaran el pedido del fiscal.<\/p>\n\n\n\n<p>De acuerdo con la sentencia, el joven deber\u00e1 cumplir al menos 35 a\u00f1os de detenci\u00f3n antes de poder acceder a alg\u00fan beneficio. La resoluci\u00f3n marca un avance clave en una causa que a\u00fan tiene a otros dos implicados, ambos menores al momento del hecho, cuya situaci\u00f3n judicial ser\u00e1 definida en instancias posteriores.<\/p>\n\n\n\n<p>El crimen ocurri\u00f3 el 14 de agosto de 2025 en Villa Luzuriaga, cuando Rita Su\u00e1rez esperaba dentro de su veh\u00edculo a su hija a la salida de una clase. En ese contexto, fue sorprendida por tres delincuentes que intentaron asaltarla y le dispararon a corta distancia, provoc\u00e1ndole la muerte casi de inmediato pese al r\u00e1pido traslado a un centro de salud cercano.<\/p>\n\n\n\n<p>Uno de los momentos m\u00e1s conmovedores del proceso fue el testimonio del hijo de la v\u00edctima, quien presenci\u00f3 el ataque y declar\u00f3 durante el juicio. Su relato permiti\u00f3 reconstruir con precisi\u00f3n la secuencia del hecho y result\u00f3 determinante para sostener la acusaci\u00f3n contra los responsables.<\/p>\n\n\n\n<p>La investigaci\u00f3n tambi\u00e9n cont\u00f3 con un fuerte aporte vecinal y el an\u00e1lisis de c\u00e1maras de seguridad, lo que permiti\u00f3 identificar r\u00e1pidamente a los sospechosos. Tras el crimen, el principal condenado fue detenido en un allanamiento horas despu\u00e9s, mientras que los otros implicados se entregaron d\u00edas m\u00e1s tarde.<\/p>\n\n\n\n<figure class=\"wp-block-embed is-type-wp-embed is-provider-sector-prensa wp-block-embed-sector-prensa\"><div class=\"wp-block-embed__wrapper\">\n<blockquote class=\"wp-embedded-content\" data-secret=\"T2h4wG8M3z\"><a href=\"https:\/\/sectorprensa.com.ar\/?p=74936\">Se entregaron los dos menores acusados del homicidio de Rita Su\u00e1rez en Villa Luzuriaga<\/a><\/blockquote><iframe loading=\"lazy\" class=\"wp-embedded-content\" sandbox=\"allow-scripts\" security=\"restricted\" style=\"position: absolute; visibility: hidden;\" title=\"\u00abSe entregaron los dos menores acusados del homicidio de Rita Su\u00e1rez en Villa Luzuriaga\u00bb \u2014 Sector Prensa\" src=\"https:\/\/sectorprensa.com.ar\/?p=74936&#038;embed=true#?secret=rGIWa6p6CB#?secret=T2h4wG8M3z\" data-secret=\"T2h4wG8M3z\" width=\"600\" height=\"338\" frameborder=\"0\" marginwidth=\"0\" marginheight=\"0\" scrolling=\"no\"><\/iframe>\n<\/div><\/figure>\n","protected":false},"excerpt":{"rendered":"<p>El Tribunal Oral Criminal N\u00b0 2 de La Matanza dict\u00f3 la pena m\u00e1xima para el principal acusado por el asesinato<\/p>\n","protected":false},"author":14,"featured_media":82771,"comment_status":"closed","ping_status":"","sticky":false,"template":"","format":"standard","meta":{"colormag_page_container_layout":"default_layout","colormag_page_sidebar_layout":"default_layout","footnotes":""},"categories":[17,12],"tags":[],"class_list":["post-82770","post","type-post","status-publish","format-standard","has-post-thumbnail","hentry","category-destacadas","category-policiales"],"_links":{"self":[{"href":"https:\/\/sectorprensa.com.ar\/index.php?rest_route=\/wp\/v2\/posts\/82770","targetHints":{"allow":["GET"]}}],"collection":[{"href":"https:\/\/sectorprensa.com.ar\/index.php?rest_route=\/wp\/v2\/posts"}],"about":[{"href":"https:\/\/sectorprensa.com.ar\/index.php?rest_route=\/wp\/v2\/types\/post"}],"author":[{"embeddable":true,"href":"https:\/\/sectorprensa.com.ar\/index.php?rest_route=\/wp\/v2\/users\/14"}],"replies":[{"embeddable":true,"href":"https:\/\/sectorprensa.com.ar\/index.php?rest_route=%2Fwp%2Fv2%2Fcomments&post=82770"}],"version-history":[{"count":1,"href":"https:\/\/sectorprensa.com.ar\/index.php?rest_route=\/wp\/v2\/posts\/82770\/revisions"}],"predecessor-version":[{"id":82772,"href":"https:\/\/sectorprensa.com.ar\/index.php?rest_route=\/wp\/v2\/posts\/82770\/revisions\/82772"}],"wp:featuredmedia":[{"embeddable":true,"href":"https:\/\/sectorprensa.com.ar\/index.php?rest_route=\/wp\/v2\/media\/82771"}],"wp:attachment":[{"href":"https:\/\/sectorprensa.com.ar\/index.php?rest_route=%2Fwp%2Fv2%2Fmedia&parent=82770"}],"wp:term":[{"taxonomy":"category","embeddable":true,"href":"https:\/\/sectorprensa.com.ar\/index.php?rest_route=%2Fwp%2Fv2%2Fcategories&post=82770"},{"taxonomy":"post_tag","embeddable":true,"href":"https:\/\/sectorprensa.com.ar\/index.php?rest_route=%2Fwp%2Fv2%2Ftags&post=82770"}],"curies":[{"name":"wp","href":"https:\/\/api.w.org\/{rel}","templated":true}]}}