{"id":82790,"date":"2026-04-30T16:19:20","date_gmt":"2026-04-30T19:19:20","guid":{"rendered":"https:\/\/sectorprensa.com.ar\/?p=82790"},"modified":"2026-04-30T16:19:20","modified_gmt":"2026-04-30T19:19:20","slug":"evaluan-aplicar-la-caratula-de-femicidio-al-atentado-contra-cristina-fernandez-de-kirchner","status":"publish","type":"post","link":"https:\/\/sectorprensa.com.ar\/?p=82790","title":{"rendered":"Eval\u00faan aplicar la caratula de femicidio al atentado contra Cristina Fern\u00e1ndez de Kirchner"},"content":{"rendered":"\n<h6 class=\"wp-block-heading\"><strong>Casaci\u00f3n se encuentra revisando el fallo. \u00abEl hecho se inscribe en un contexto de violencia simb\u00f3lica y hostigamiento medi\u00e1tico contra la v\u00edctima por su condici\u00f3n de mujer en la pol\u00edtica\u00bb, dijeron.<\/strong><\/h6>\n\n\n\n<p>El fallo por el atentado contra Cristina Fern\u00e1ndez de Kirchner, el cual sucedi\u00f3 en 2022, ser\u00e1 revisado por la C\u00e1mara Federal de Casaci\u00f3n y evaluar\u00e1n si corresponde aplicar la figura de femicidio. Esto se debe a que se acept\u00f3 el recurso impulsado por el Ministerio P\u00fablico Fiscal, obtuvo los votos de Alejandro Slokar y Guillermo Yacobucci, contra la sentencia del Tribunal Oral Federal N\u00ba 6.<\/p>\n\n\n\n<p>La fiscal y titular de UFEM, Mariela Labozzetta, elabor\u00f3 un apartado sobre violencia de g\u00e9nero, se\u00f1alando que el hecho se inscribe en un contexto de violencia simb\u00f3lica y hostigamiento medi\u00e1tico contra la v\u00edctima por su condici\u00f3n de mujer en la pol\u00edtica.<\/p>\n\n\n\n<p>Al negar que hubo animosidad individual hacia el g\u00e9nero femenino, el tribunal oral descart\u00f3 la figura del femicidio, por eso, los fiscales cuestionaron la decisi\u00f3n y se\u00f1alaron que desconocen el car\u00e1cter estructural.<\/p>\n\n\n\n<p>Ahora se debe esperar por lo que decida el fiscal Mario Villar, entre sostener el fallo o establecer un precedente sobre la perspectiva de g\u00e9nero en ataques contra figuras p\u00fablicas. Vale recordar, por el atentado fueron condenados Fernando Sabag Montiel (diez a\u00f1os) y Brenda Uliarte (ocho a\u00f1os).<\/p>\n\n\n\n<figure class=\"wp-block-embed is-type-wp-embed is-provider-sector-prensa wp-block-embed-sector-prensa\"><div class=\"wp-block-embed__wrapper\">\n<blockquote class=\"wp-embedded-content\" data-secret=\"ldHFGqA0ZN\"><a href=\"https:\/\/sectorprensa.com.ar\/?p=82747\">La Justicia le orden\u00f3 a ANSES restituir la pensi\u00f3n de Cristina Fern\u00e1ndez de Kirchner<\/a><\/blockquote><iframe loading=\"lazy\" class=\"wp-embedded-content\" sandbox=\"allow-scripts\" security=\"restricted\" style=\"position: absolute; visibility: hidden;\" title=\"\u00abLa Justicia le orden\u00f3 a ANSES restituir la pensi\u00f3n de Cristina Fern\u00e1ndez de Kirchner\u00bb \u2014 Sector Prensa\" src=\"https:\/\/sectorprensa.com.ar\/?p=82747&#038;embed=true#?secret=D5ejFe1PLF#?secret=ldHFGqA0ZN\" data-secret=\"ldHFGqA0ZN\" width=\"600\" height=\"338\" frameborder=\"0\" marginwidth=\"0\" marginheight=\"0\" scrolling=\"no\"><\/iframe>\n<\/div><\/figure>\n","protected":false},"excerpt":{"rendered":"<p>Casaci\u00f3n se encuentra revisando el fallo. \u00abEl hecho se inscribe en un contexto de violencia simb\u00f3lica y hostigamiento medi\u00e1tico contra<\/p>\n","protected":false},"author":13,"featured_media":82791,"comment_status":"closed","ping_status":"","sticky":false,"template":"","format":"standard","meta":{"colormag_page_container_layout":"default_layout","colormag_page_sidebar_layout":"default_layout","footnotes":""},"categories":[6828,8],"tags":[9316,6851,667,7266],"class_list":["post-82790","post","type-post","status-publish","format-standard","has-post-thumbnail","hentry","category-mas-destacadas","category-politica","tag-camara-federal-de-casacion-penal","tag-cristina-fernandez-de-kirchner-2","tag-femicidio","tag-intento-de-magnicidio"],"_links":{"self":[{"href":"https:\/\/sectorprensa.com.ar\/index.php?rest_route=\/wp\/v2\/posts\/82790","targetHints":{"allow":["GET"]}}],"collection":[{"href":"https:\/\/sectorprensa.com.ar\/index.php?rest_route=\/wp\/v2\/posts"}],"about":[{"href":"https:\/\/sectorprensa.com.ar\/index.php?rest_route=\/wp\/v2\/types\/post"}],"author":[{"embeddable":true,"href":"https:\/\/sectorprensa.com.ar\/index.php?rest_route=\/wp\/v2\/users\/13"}],"replies":[{"embeddable":true,"href":"https:\/\/sectorprensa.com.ar\/index.php?rest_route=%2Fwp%2Fv2%2Fcomments&post=82790"}],"version-history":[{"count":1,"href":"https:\/\/sectorprensa.com.ar\/index.php?rest_route=\/wp\/v2\/posts\/82790\/revisions"}],"predecessor-version":[{"id":82792,"href":"https:\/\/sectorprensa.com.ar\/index.php?rest_route=\/wp\/v2\/posts\/82790\/revisions\/82792"}],"wp:featuredmedia":[{"embeddable":true,"href":"https:\/\/sectorprensa.com.ar\/index.php?rest_route=\/wp\/v2\/media\/82791"}],"wp:attachment":[{"href":"https:\/\/sectorprensa.com.ar\/index.php?rest_route=%2Fwp%2Fv2%2Fmedia&parent=82790"}],"wp:term":[{"taxonomy":"category","embeddable":true,"href":"https:\/\/sectorprensa.com.ar\/index.php?rest_route=%2Fwp%2Fv2%2Fcategories&post=82790"},{"taxonomy":"post_tag","embeddable":true,"href":"https:\/\/sectorprensa.com.ar\/index.php?rest_route=%2Fwp%2Fv2%2Ftags&post=82790"}],"curies":[{"name":"wp","href":"https:\/\/api.w.org\/{rel}","templated":true}]}}