{"id":82793,"date":"2026-04-30T22:06:04","date_gmt":"2026-05-01T01:06:04","guid":{"rendered":"https:\/\/sectorprensa.com.ar\/?p=82793"},"modified":"2026-04-30T22:06:04","modified_gmt":"2026-05-01T01:06:04","slug":"el-gobierno-pone-en-riesgo-la-paz-social","status":"publish","type":"post","link":"https:\/\/sectorprensa.com.ar\/?p=82793","title":{"rendered":"\u00abEl gobierno pone en riesgo la paz social\u00bb"},"content":{"rendered":"\n<h6 class=\"wp-block-heading\"><strong>La CGT ley\u00f3 un documento en Plaza de Mayo, donde apunta contra el gobierno nacional y sus pol\u00edticas. La central obrera cuestion\u00f3 la reforma laboral y record\u00f3 al Papa Francisco.<\/strong><\/h6>\n\n\n\n<p>Previo al feriado por el d\u00eda del trabajador, la CGT organiz\u00f3 una marcha hacia Plaza de Mayo, lugar donde ley\u00f3 un documento ante todos los presentes. En el mismo, criticaron duramente al gobierno nacional y sus pol\u00edticas, como la reforma laboral. \u00abEl gobierno pone en riesgo la paz social\u00bb, remarcaron.<\/p>\n\n\n\n<p>\u00abEste 1\u00ba de mayo, celebramos una nueva jornada en conmemoraci\u00f3n del d\u00eda de las y los trabajadores, con un homenaje al Papa Francisco, honrando su legado como gu\u00eda, como inspiraci\u00f3n y como compromiso por una comunidad constituida sobre la base del bien com\u00fan. Y nos movilizamos, transitando este momento que se est\u00e1 viviendo en nuestro pa\u00eds con preocupaci\u00f3n y alarma\u00bb, inici\u00f3 el texto.<\/p>\n\n\n\n<p>\u00abHoy se discute judicialmente una Ley de reforma Laboral promovida por el gobierno nacional, que despoja de derechos colectivos e individuales a trabajadoras y trabajadores. La CGT seguir\u00e1 todas las instancias judiciales para defender los derechos garantizados por la constituci\u00f3n nacional. Cada derecho laboral cost\u00f3 organizaci\u00f3n y lucha\u00bb, sostuvieron.<\/p>\n\n\n\n<figure class=\"wp-block-image size-full\"><img loading=\"lazy\" decoding=\"async\" width=\"290\" height=\"720\" src=\"https:\/\/sectorprensa.com.ar\/wp-content\/uploads\/2026\/04\/image-2.png\" alt=\"\" class=\"wp-image-82795\" srcset=\"https:\/\/sectorprensa.com.ar\/wp-content\/uploads\/2026\/04\/image-2.png 290w, https:\/\/sectorprensa.com.ar\/wp-content\/uploads\/2026\/04\/image-2-121x300.png 121w\" sizes=\"auto, (max-width: 290px) 100vw, 290px\" \/><\/figure>\n\n\n\n<p>\u00abUn modelo de desarrollo requiere necesariamente de la inclusi\u00f3n y de la inversi\u00f3n p\u00fablica como pilar de una estrategia para alcanzarlo. La efectiva desaparici\u00f3n de la obra p\u00fablica, motor de la infraestructura que nuestro pa\u00eds necesita y dinamizadora de la actividad econ\u00f3mica; condiciona las oportunidades productivas y limita la integraci\u00f3n regional\u00bb, critic\u00f3 sobre el modelo econ\u00f3mico de Javier Milei.<\/p>\n\n\n\n<p>\u00abUn gobierno nacional encerrado en sus teor\u00edas, que contin\u00faa comprometiendo a las generaciones futuras con pol\u00edticas de ajuste indiscriminadas condena a la sociedad argentina a un presente de vulnerabilidad econ\u00f3mica, laboral y social sin precedentes\u00bb, agreg\u00f3 la central obrera.<\/p>\n\n\n\n<p>\u00abUn gobierno que, en lugar de tender puentes de uni\u00f3n y reconocimiento, divide al pueblo, promueve el enfrentamiento, la descalificaci\u00f3n, el odio y el resentimiento, pone en riesgo la paz social\u00bb, resaltaron.<\/p>\n\n\n\n<figure class=\"wp-block-embed is-type-wp-embed is-provider-sector-prensa wp-block-embed-sector-prensa\"><div class=\"wp-block-embed__wrapper\">\n<blockquote class=\"wp-embedded-content\" data-secret=\"hBKVQLRhQq\"><a href=\"https:\/\/sectorprensa.com.ar\/?p=82742\">\u00abYo mismo afront\u00e9 los pagos de los viajes con mi familia, no fueron financiados por terceros\u00bb<\/a><\/blockquote><iframe loading=\"lazy\" class=\"wp-embedded-content\" sandbox=\"allow-scripts\" security=\"restricted\" style=\"position: absolute; visibility: hidden;\" title=\"\u00ab\u00abYo mismo afront\u00e9 los pagos de los viajes con mi familia, no fueron financiados por terceros\u00bb\u00bb \u2014 Sector Prensa\" src=\"https:\/\/sectorprensa.com.ar\/?p=82742&#038;embed=true#?secret=lv1VR8OXeU#?secret=hBKVQLRhQq\" data-secret=\"hBKVQLRhQq\" width=\"600\" height=\"338\" frameborder=\"0\" marginwidth=\"0\" marginheight=\"0\" scrolling=\"no\"><\/iframe>\n<\/div><\/figure>\n","protected":false},"excerpt":{"rendered":"<p>La CGT ley\u00f3 un documento en Plaza de Mayo, donde apunta contra el gobierno nacional y sus pol\u00edticas. La central<\/p>\n","protected":false},"author":13,"featured_media":82794,"comment_status":"closed","ping_status":"","sticky":false,"template":"","format":"standard","meta":{"colormag_page_container_layout":"default_layout","colormag_page_sidebar_layout":"default_layout","footnotes":""},"categories":[17,8],"tags":[110,6221],"class_list":["post-82793","post","type-post","status-publish","format-standard","has-post-thumbnail","hentry","category-destacadas","category-politica","tag-cgt","tag-javier-milei"],"_links":{"self":[{"href":"https:\/\/sectorprensa.com.ar\/index.php?rest_route=\/wp\/v2\/posts\/82793","targetHints":{"allow":["GET"]}}],"collection":[{"href":"https:\/\/sectorprensa.com.ar\/index.php?rest_route=\/wp\/v2\/posts"}],"about":[{"href":"https:\/\/sectorprensa.com.ar\/index.php?rest_route=\/wp\/v2\/types\/post"}],"author":[{"embeddable":true,"href":"https:\/\/sectorprensa.com.ar\/index.php?rest_route=\/wp\/v2\/users\/13"}],"replies":[{"embeddable":true,"href":"https:\/\/sectorprensa.com.ar\/index.php?rest_route=%2Fwp%2Fv2%2Fcomments&post=82793"}],"version-history":[{"count":1,"href":"https:\/\/sectorprensa.com.ar\/index.php?rest_route=\/wp\/v2\/posts\/82793\/revisions"}],"predecessor-version":[{"id":82796,"href":"https:\/\/sectorprensa.com.ar\/index.php?rest_route=\/wp\/v2\/posts\/82793\/revisions\/82796"}],"wp:featuredmedia":[{"embeddable":true,"href":"https:\/\/sectorprensa.com.ar\/index.php?rest_route=\/wp\/v2\/media\/82794"}],"wp:attachment":[{"href":"https:\/\/sectorprensa.com.ar\/index.php?rest_route=%2Fwp%2Fv2%2Fmedia&parent=82793"}],"wp:term":[{"taxonomy":"category","embeddable":true,"href":"https:\/\/sectorprensa.com.ar\/index.php?rest_route=%2Fwp%2Fv2%2Fcategories&post=82793"},{"taxonomy":"post_tag","embeddable":true,"href":"https:\/\/sectorprensa.com.ar\/index.php?rest_route=%2Fwp%2Fv2%2Ftags&post=82793"}],"curies":[{"name":"wp","href":"https:\/\/api.w.org\/{rel}","templated":true}]}}